{"id":55126,"date":"2023-05-11T11:59:00","date_gmt":"2023-05-11T16:59:00","guid":{"rendered":"http:\/\/www.zonaroja.com.mx\/?p=55126"},"modified":"2023-05-11T09:04:18","modified_gmt":"2023-05-11T14:04:18","slug":"insisten-ausencia-de-consulta-transparencia-y-ecocidio-por-corredor-interoceanico","status":"publish","type":"post","link":"https:\/\/zonaroja.com.mx\/?p=55126","title":{"rendered":"Insisten ausencia de consulta, transparencia y ecocidio, por Corredor Interoce\u00e1nico"},"content":{"rendered":"\n<p>Redacci\u00f3n\/Zona Roja.<\/p>\n\n\n\n<p>Oaxaca de Ju\u00e1rez, Oax., a 11 de mayo de 2023.- Defensores zapotecas denuncian la ausencia de consulta, falta de transparencia y el ecocidio provocado por el derribo y quema de decenas de \u00e1rboles end\u00e9micos y no end\u00e9micos para la rehabilitaci\u00f3n de la l\u00ednea \u201cK\u201d en el tramo de Uni\u00f3n Hidalgo-Juchit\u00e1n del Corredor Interoce\u00e1nico.<\/p>\n\n\n\n<p>Los defensores comunitarios Norberto Altamirano, Edgar Mart\u00edn y el ambientalista V\u00edctor Fuentes alertaron sobre el da\u00f1o ambiental que se provoca con la obra y denunciaron que no existe transparencia en la informaci\u00f3n relacionada con los impactos ambientales, culturales y sociales.<\/p>\n\n\n\n<p>\u201cSe quemaron las maderas, las cortaron hasta acabarlas, \u00e1rboles de muchos a\u00f1os, \u00e1rboles que tienen historia y que tienen vida en nuestro Uni\u00f3n Hidalgo, lo cual ha sido un ecocidio tremendo, pero hasta ahora ninguna autoridad ambiental ha dicho algo al respecto, al contrario, sin conservaci\u00f3n y sin informaci\u00f3n nos impondr\u00e1n esta obra de rehabilitaci\u00f3n\u201d, precis\u00f3 V\u00edctor Fuentes.<\/p>\n\n\n\n<p>Y es que el pasado 7 de febrero, con el jefe de la Unidad Coordinadora de la Secretar\u00eda de Marina (SEMAR) y el titular del Corredor Interoce\u00e1nico del Istmo de Tehuantepec (CIIT), el Vicealmirante Juan Carlos Vera Mingares, se oficializ\u00f3 el arranque de las obras de esta l\u00ednea ferroviaria \u201cK\u201d, un total de 459 kil\u00f3metros de rehabilitaci\u00f3n de l\u00ednea f\u00e9rrea desde Ixtepec a Ciudad Hidalgo, Chiapas, m\u00e1s que el doble de la distancia de Salina Cruz a Coatzacoalcos.<\/p>\n\n\n\n<p>Los activistas destacaron que por la rehabilitaci\u00f3n de las v\u00edas f\u00e9rreas en este tramo tambi\u00e9n se ver\u00e1 afectado un mercado comunitario llamado \u201c7 de noviembre\u201d, que est\u00e1 en riesgo de ser reubicado sin tomar en cuenta a las locatarias. \u201cTodo se ha hecho imponiendo\u201d, aseguraron.<\/p>\n\n\n\n<p>Tambi\u00e9n en el pueblo ikoots de San Dionisio del Mar, ni la Marina ni el gobierno inform\u00f3 a tiempo y mucho menos consult\u00f3 a la poblaci\u00f3n ind\u00edgena sobre el proyecto que consiste en la ampliaci\u00f3n de la v\u00eda ferrea de actualmente 10 metros a 70 metros.<\/p>\n\n\n\n<p>Integrantes de la Asamblea General del Pueblo de San Dionisio del Mar informaron que apenas en el pasado mes de abril, la Secretar\u00eda de Marina se acerc\u00f3 por primera vez al pueblo para informar sobre el proyecto que podr\u00eda beneficiar a los grandes empresas como las mineras, y no a la poblaci\u00f3n local.<\/p>\n\n\n\n<p>(Comunicado de Educa)<\/p>\n","protected":false},"excerpt":{"rendered":"<p>Redacci\u00f3n\/Zona Roja. Oaxaca de Ju\u00e1rez, Oax., a 11 de mayo de 2023.- Defensores zapotecas denuncian&hellip;<\/p>\n","protected":false},"author":2,"featured_media":29894,"comment_status":"closed","ping_status":"open","sticky":false,"template":"","format":"standard","meta":{"_lmt_disableupdate":"","_lmt_disable":"","_jetpack_memberships_contains_paid_content":false,"footnotes":""},"categories":[109,47],"tags":[3538],"class_list":["post-55126","post","type-post","status-publish","format-standard","has-post-thumbnail","hentry","category-minuto-a-minuto","category-zona-gris","tag-corredor-interoce"],"jetpack_featured_media_url":"https:\/\/zonaroja.com.mx\/wp-content\/uploads\/2021\/07\/Corredor-tren-Transistmico.jpg","jetpack_sharing_enabled":true,"_links":{"self":[{"href":"https:\/\/zonaroja.com.mx\/index.php?rest_route=\/wp\/v2\/posts\/55126","targetHints":{"allow":["GET"]}}],"collection":[{"href":"https:\/\/zonaroja.com.mx\/index.php?rest_route=\/wp\/v2\/posts"}],"about":[{"href":"https:\/\/zonaroja.com.mx\/index.php?rest_route=\/wp\/v2\/types\/post"}],"author":[{"embeddable":true,"href":"https:\/\/zonaroja.com.mx\/index.php?rest_route=\/wp\/v2\/users\/2"}],"replies":[{"embeddable":true,"href":"https:\/\/zonaroja.com.mx\/index.php?rest_route=%2Fwp%2Fv2%2Fcomments&post=55126"}],"version-history":[{"count":1,"href":"https:\/\/zonaroja.com.mx\/index.php?rest_route=\/wp\/v2\/posts\/55126\/revisions"}],"predecessor-version":[{"id":55127,"href":"https:\/\/zonaroja.com.mx\/index.php?rest_route=\/wp\/v2\/posts\/55126\/revisions\/55127"}],"wp:featuredmedia":[{"embeddable":true,"href":"https:\/\/zonaroja.com.mx\/index.php?rest_route=\/wp\/v2\/media\/29894"}],"wp:attachment":[{"href":"https:\/\/zonaroja.com.mx\/index.php?rest_route=%2Fwp%2Fv2%2Fmedia&parent=55126"}],"wp:term":[{"taxonomy":"category","embeddable":true,"href":"https:\/\/zonaroja.com.mx\/index.php?rest_route=%2Fwp%2Fv2%2Fcategories&post=55126"},{"taxonomy":"post_tag","embeddable":true,"href":"https:\/\/zonaroja.com.mx\/index.php?rest_route=%2Fwp%2Fv2%2Ftags&post=55126"}],"curies":[{"name":"wp","href":"https:\/\/api.w.org\/{rel}","templated":true}]}}