{"id":55131,"date":"2023-05-11T19:01:21","date_gmt":"2023-05-12T00:01:21","guid":{"rendered":"http:\/\/www.zonaroja.com.mx\/?p=55131"},"modified":"2023-05-11T19:01:26","modified_gmt":"2023-05-12T00:01:26","slug":"emite-la-cndh-segunda-recomendacion-al-gobierno-de-oaxaca","status":"publish","type":"post","link":"https:\/\/zonaroja.com.mx\/?p=55131","title":{"rendered":"Emite la CNDH segunda recomendaci\u00f3n al gobierno de Oaxaca"},"content":{"rendered":"\n<p>Redacci\u00f3n\/Zona Roja Cdmx.<\/p>\n\n\n\n<p>Ciudad de M\u00e9xico, a 11 de mayo de 2023.- La Comisi\u00f3n Nacional de los Derechos Humanos (CNDH) dirigi\u00f3 la Recomendaci\u00f3n 48\/2023 al Instituto Nacional de Migraci\u00f3n (INM) y al Sistema para el Desarrollo Integral de la Familia (DIF) del estado de Oaxaca, tras acreditar&nbsp;violaciones a los derechos humanos a la vida, al principio del inter\u00e9s superior de la ni\u00f1ez y a la seguridad jur\u00eddica en agravio de tres v\u00edctimas, una de ellas una ni\u00f1a en contexto de migraci\u00f3n internacional puesta a disposici\u00f3n del INM junto con sus familiares, de nacionalidad guatemalteca y resguardadas en un centro de asistencia social de Oaxaca por el DIF estatal.<\/p>\n\n\n\n<p>El 10 de marzo de 2021, personal de la Comisi\u00f3n Nacional se entrevist\u00f3 con la madre de la ni\u00f1a, quien manifest\u00f3 que el 15 de febrero de ese a\u00f1o, fue asegurada por elementos del INM junto con las otras dos v\u00edctimas, debido a que no acreditaron su regular estancia en M\u00e9xico, por lo que las llevaron a un albergue, lugar en el que esperar\u00edan que la Procuradur\u00eda de Protecci\u00f3n de los Derechos de Ni\u00f1as, Ni\u00f1os y Adolescentes del DIF de Oaxaca emitiera el plan de restituci\u00f3n de derechos.&nbsp;<\/p>\n\n\n\n<p>Asimismo, la v\u00edctima asegur\u00f3 que el 5 de marzo de 2021 se encontraba en entrevista con un c\u00f3nsul de su pa\u00eds (testigo de los hechos), momento en que la menor, junto a otra de las v\u00edctimas, se dirigi\u00f3 a la cocina del albergue con la intenci\u00f3n de consumir una fruta.&nbsp;<\/p>\n\n\n\n<p>Minutos despu\u00e9s se escuch\u00f3 un ruido, el refrigerador industrial las hab\u00eda lastimado. En seguida, dos empleados del albergue privado levantaron el electrodom\u00e9stico, cuando llegaron los param\u00e9dicos para asistir a la ni\u00f1a, \u00e9sta ya hab\u00eda fallecido.&nbsp;<\/p>\n\n\n\n<p>La madre se\u00f1al\u00f3 que una semana antes del accidente les report\u00f3 a los asistentes del albergue que el refrigerador, de aproximadamente dos metros de altura, no estaba bien colocado, ya que se mov\u00eda al abrirlo, a lo que \u00e9stos hicieron caso omiso.&nbsp;<\/p>\n\n\n\n<p>Cabe se\u00f1alar que la quejosa v\u00edctima expres\u00f3 su temor de ser deportada a su pa\u00eds de origen por las amenazas que le hizo su esposo, quien se encuentra privado de la libertad en Guatemala, por lo que se iniciaron los tr\u00e1mites para darle una visa humanitaria y regularizar su situaci\u00f3n migratoria, pero tanto en el INM como en el DIF local, personas servidoras p\u00fablica incurrieron en omisiones e irregularidades que impidieron dar protecci\u00f3n a las tres v\u00edctimas.&nbsp;<\/p>\n\n\n\n<p>El an\u00e1lisis l\u00f3gico-jur\u00eddico de las evidencias permiti\u00f3 acreditar violaciones a los derechos humanos en agravio de la ni\u00f1a, a la seguridad jur\u00eddica en detrimento de la quejosa v\u00edctima y de la segunda v\u00edctima, as\u00ed como al principio del inter\u00e9s superior de la ni\u00f1ez en agravio de las dos menores, atribuibles a personal del INM y al sistema DIF estatal.&nbsp;<\/p>\n\n\n\n<p>Por tal motivo, la CNDH solicit\u00f3 al INM y al DIF de Oaxaca la inscripci\u00f3n de las v\u00edctimas en el Registro Nacional en la materia para que se proceda a la inmediata reparaci\u00f3n integral del da\u00f1o causado, adem\u00e1s de otorgarles atenci\u00f3n psicol\u00f3gica y tanatol\u00f3gica.&nbsp;<\/p>\n\n\n\n<p>Asimismo, el INM deber\u00e1 colaborar en la presentaci\u00f3n de la denuncia administrativa que se haga en contra de dos personas servidoras p\u00fablicas del Instituto por los actos y omisiones precisadas en estos hechos e impartir un curso en materia de derechos humanos relacionado con el procedimiento administrativo migratorio referente a ni\u00f1as, ni\u00f1os y adolescentes en contexto de migraci\u00f3n, y que puedan resolver los expedientes administrativos migratorios de ese grupo de poblaci\u00f3n al personal de la Oficina de Representaci\u00f3n en Oaxaca, en especial a la autoridad responsable citada en la presente Recomendaci\u00f3n.<\/p>\n\n\n\n<p>Por lo que se inform\u00f3 que el DIF estatal debe colaborar con la Secretar\u00eda de Honestidad, Transparencia y Funci\u00f3n P\u00fablica de Oaxaca en la denuncia administrativa que presente la CNDH en contra de cinco personas servidoras p\u00fablicas por la omisiones precisadas en el documento recomendatorio e impartir un curso en materia de derechos humanos sobre la relevancia del inter\u00e9s superior de la ni\u00f1ez al personal del DIF Oaxaca encargado de la atenci\u00f3n a ni\u00f1as, ni\u00f1os y adolescentes en contexto migratorio, adscritos al Albergue de Tr\u00e1nsito, en especial, a tres autoridades responsables.&nbsp;<\/p>\n\n\n\n<p>(Informaci\u00f3n de SEMM\u00e9xico)<\/p>\n","protected":false},"excerpt":{"rendered":"<p>Redacci\u00f3n\/Zona Roja Cdmx. Ciudad de M\u00e9xico, a 11 de mayo de 2023.- La Comisi\u00f3n Nacional&hellip;<\/p>\n","protected":false},"author":2,"featured_media":3927,"comment_status":"closed","ping_status":"open","sticky":false,"template":"","format":"standard","meta":{"_lmt_disableupdate":"","_lmt_disable":"","_jetpack_memberships_contains_paid_content":false,"footnotes":""},"categories":[109,47],"tags":[841,384],"class_list":["post-55131","post","type-post","status-publish","format-standard","has-post-thumbnail","hentry","category-minuto-a-minuto","category-zona-gris","tag-dif-oaxaca","tag-recomendacion-de-cndh-al-gobierno-de-oaxaca"],"jetpack_featured_media_url":"https:\/\/zonaroja.com.mx\/wp-content\/uploads\/2019\/09\/cndh.jpg","jetpack_sharing_enabled":true,"_links":{"self":[{"href":"https:\/\/zonaroja.com.mx\/index.php?rest_route=\/wp\/v2\/posts\/55131","targetHints":{"allow":["GET"]}}],"collection":[{"href":"https:\/\/zonaroja.com.mx\/index.php?rest_route=\/wp\/v2\/posts"}],"about":[{"href":"https:\/\/zonaroja.com.mx\/index.php?rest_route=\/wp\/v2\/types\/post"}],"author":[{"embeddable":true,"href":"https:\/\/zonaroja.com.mx\/index.php?rest_route=\/wp\/v2\/users\/2"}],"replies":[{"embeddable":true,"href":"https:\/\/zonaroja.com.mx\/index.php?rest_route=%2Fwp%2Fv2%2Fcomments&post=55131"}],"version-history":[{"count":1,"href":"https:\/\/zonaroja.com.mx\/index.php?rest_route=\/wp\/v2\/posts\/55131\/revisions"}],"predecessor-version":[{"id":55132,"href":"https:\/\/zonaroja.com.mx\/index.php?rest_route=\/wp\/v2\/posts\/55131\/revisions\/55132"}],"wp:featuredmedia":[{"embeddable":true,"href":"https:\/\/zonaroja.com.mx\/index.php?rest_route=\/wp\/v2\/media\/3927"}],"wp:attachment":[{"href":"https:\/\/zonaroja.com.mx\/index.php?rest_route=%2Fwp%2Fv2%2Fmedia&parent=55131"}],"wp:term":[{"taxonomy":"category","embeddable":true,"href":"https:\/\/zonaroja.com.mx\/index.php?rest_route=%2Fwp%2Fv2%2Fcategories&post=55131"},{"taxonomy":"post_tag","embeddable":true,"href":"https:\/\/zonaroja.com.mx\/index.php?rest_route=%2Fwp%2Fv2%2Ftags&post=55131"}],"curies":[{"name":"wp","href":"https:\/\/api.w.org\/{rel}","templated":true}]}}