{"id":55135,"date":"2023-05-11T19:21:18","date_gmt":"2023-05-12T00:21:18","guid":{"rendered":"http:\/\/www.zonaroja.com.mx\/?p=55135"},"modified":"2023-05-11T19:21:20","modified_gmt":"2023-05-12T00:21:20","slug":"via-fast-track-congreso-elimina-comite-de-autenticidad-de-la-guelaguetza","status":"publish","type":"post","link":"https:\/\/zonaroja.com.mx\/?p=55135","title":{"rendered":"V\u00eda \u201cfast track\u201d, Congreso elimina Comit\u00e9 de Autenticidad de la Guelaguetza"},"content":{"rendered":"\n<p>Yuridiana Sosa\/Zona Roja.<\/p>\n\n\n\n<p>Oaxaca de Ju\u00e1rez, Oax., a 11 de mayo de 2023.- De forma expr\u00e9s, en un periodo aproximado de 30 minutos, integrantes de la 65 Legislatura del Congreso de Oaxaca efectuaron dos sesiones extraordinarias del pleno.<\/p>\n\n\n\n<p>En la primera sesi\u00f3n, aprob\u00f3 con 35 votos la reforma enviada por el gobernador Salom\u00f3n Jara Cruz para la desaparici\u00f3n del Comit\u00e9 de Autenticidad, y en su lugar crear un Comit\u00e9 Organizador para la Guelaguetza.<\/p>\n\n\n\n<p>Dichas reformas y adiciones corresponden a la Ley de Desarrollo Cultural para el Estado de Oaxaca y la Ley de Protecci\u00f3n, Acceso y Difusi\u00f3n para la Festividad de la Guelaguetza del Estado de Oaxaca.<\/p>\n\n\n\n<p>En exposici\u00f3n de motivos, el mandatario estatal indic\u00f3 que \u201cel Comit\u00e9 de Autenticidad desde su incorporaci\u00f3n en el desarrollo de las festividades de la Guelaguetza ha generado molestia social entre los pueblos y comunidades de Oaxaca.&nbsp;<\/p>\n\n\n\n<p>\u201cLo anterior al se\u00f1alar exclusiones de delegaciones que tradicionalmente hab\u00edan asistido de manera ininterrumpida a los Lunes del Cerro sin que el Comit\u00e9 de Autenticidad aportar\u00e1 justificaciones objetivas y precisas para sustentar su fallo\u00bb.<\/p>\n\n\n\n<p>Por lo que indic\u00f3 que \u201cesta intromisi\u00f3n del Comit\u00e9 de Autenticidad para definir de manera discrecional y unilateral la originalidad de los elementos culturales de los pueblos y comunidades ind\u00edgenas y afromexicano, representa una violaci\u00f3n a sus derechos colectivos e individuales de preservaci\u00f3n de su cultura la auto identificaci\u00f3n la auto organizaci\u00f3n y la salvaguardia de su patrimonio cultural inmaterial\u201d.<br>Pues a pesar que los integrantes de dicho comit\u00e9 son expertos y t\u00e9cnicos en temas culturales e hist\u00f3ricos son personas ajenas a las comunidades que no est\u00e1n empapadas del entorno sociocultural y comparte la cosmovisi\u00f3n de integrantes de los grupos ind\u00edgenas y afro mexicanos.<br>\u201cPor todo ello se plantea la desaparici\u00f3n del Comit\u00e9 de Autenticidad de la legislaci\u00f3n de Oaxaca\u201d.<\/p>\n\n\n\n<p>Ahora la ley establece que \u201cel Comit\u00e9 Organizador se entender\u00e1 como un organismo de trabajo encargado de coordinar todas las actividades organizativas que se realizan en el marco de la Guelaguetza el cual se integra por la Secretar\u00eda de Turismo de las Culturas y Artes; de Interculturalidad Pueblos y Comunidades ind\u00edgenas y Afromexicana.<\/p>\n\n\n\n<p>La propuesta no fue le\u00edda en la sesi\u00f3n ordinaria y fue votada de urgencia notoria y obvia resoluci\u00f3n, as\u00ed como la votaci\u00f3n definitiva, que requer\u00eda las dos terceras partes de los presentes en la sesi\u00f3n, que se efectu\u00f3 de manera virtual.<\/p>\n","protected":false},"excerpt":{"rendered":"<p>Yuridiana Sosa\/Zona Roja. Oaxaca de Ju\u00e1rez, Oax., a 11 de mayo de 2023.- De forma&hellip;<\/p>\n","protected":false},"author":2,"featured_media":48071,"comment_status":"closed","ping_status":"open","sticky":false,"template":"","format":"standard","meta":{"_lmt_disableupdate":"","_lmt_disable":"","_jetpack_memberships_contains_paid_content":false,"footnotes":""},"categories":[109,46],"tags":[2743],"class_list":["post-55135","post","type-post","status-publish","format-standard","has-post-thumbnail","hentry","category-minuto-a-minuto","category-zona-blanca","tag-65-legislatura-del-estado-de-oaxaca"],"jetpack_featured_media_url":"https:\/\/zonaroja.com.mx\/wp-content\/uploads\/2022\/11\/Sede-del-Congreso-Oaxaca-diputados.jpg","jetpack_sharing_enabled":true,"_links":{"self":[{"href":"https:\/\/zonaroja.com.mx\/index.php?rest_route=\/wp\/v2\/posts\/55135","targetHints":{"allow":["GET"]}}],"collection":[{"href":"https:\/\/zonaroja.com.mx\/index.php?rest_route=\/wp\/v2\/posts"}],"about":[{"href":"https:\/\/zonaroja.com.mx\/index.php?rest_route=\/wp\/v2\/types\/post"}],"author":[{"embeddable":true,"href":"https:\/\/zonaroja.com.mx\/index.php?rest_route=\/wp\/v2\/users\/2"}],"replies":[{"embeddable":true,"href":"https:\/\/zonaroja.com.mx\/index.php?rest_route=%2Fwp%2Fv2%2Fcomments&post=55135"}],"version-history":[{"count":1,"href":"https:\/\/zonaroja.com.mx\/index.php?rest_route=\/wp\/v2\/posts\/55135\/revisions"}],"predecessor-version":[{"id":55136,"href":"https:\/\/zonaroja.com.mx\/index.php?rest_route=\/wp\/v2\/posts\/55135\/revisions\/55136"}],"wp:featuredmedia":[{"embeddable":true,"href":"https:\/\/zonaroja.com.mx\/index.php?rest_route=\/wp\/v2\/media\/48071"}],"wp:attachment":[{"href":"https:\/\/zonaroja.com.mx\/index.php?rest_route=%2Fwp%2Fv2%2Fmedia&parent=55135"}],"wp:term":[{"taxonomy":"category","embeddable":true,"href":"https:\/\/zonaroja.com.mx\/index.php?rest_route=%2Fwp%2Fv2%2Fcategories&post=55135"},{"taxonomy":"post_tag","embeddable":true,"href":"https:\/\/zonaroja.com.mx\/index.php?rest_route=%2Fwp%2Fv2%2Ftags&post=55135"}],"curies":[{"name":"wp","href":"https:\/\/api.w.org\/{rel}","templated":true}]}}