{"id":55137,"date":"2023-05-12T07:42:29","date_gmt":"2023-05-12T12:42:29","guid":{"rendered":"http:\/\/www.zonaroja.com.mx\/?p=55137"},"modified":"2023-05-12T07:42:31","modified_gmt":"2023-05-12T12:42:31","slug":"periodismo-en-riesgo-matan-a-uno-en-acapulco-y-agreden-a-varios-en-cdmx","status":"publish","type":"post","link":"https:\/\/zonaroja.com.mx\/?p=55137","title":{"rendered":"Periodismo en riesgo: matan a uno en Acapulco y agreden a varios en Cdmx"},"content":{"rendered":"\n<p>Redacci\u00f3n\/Zona Roja Cdmx.<\/p>\n\n\n\n<p>Ciudad de M\u00e9xico, a 12 de mayo de 2023.- Un periodista fue asesinado a balazos anoche en Acapulco, Guerrero.<\/p>\n\n\n\n<p>Se trata del ex camar\u00f3grafo Gerardo Torres Renter\u00eda quien fue ultimado por un comando en el interior de su casa, en la colonia Icacos.<\/p>\n\n\n\n<p>Hombres con armas llegaron hasta el domicilio de quien fuera camar\u00f3grafo de Televisa Acapulco, TV Azteca Guerrero y Telemundo, aunque desde hace varios a\u00f1os hab\u00eda dejado de trabajar.&nbsp;<\/p>\n\n\n\n<p>Hasta el momento no hay responsables detenidos y este crimen ser\u00eda el segundo en el pa\u00eds en este a\u00f1o.<\/p>\n\n\n\n<p>EN CDMX<\/p>\n\n\n\n<p>Por otra parte, la Secretar\u00eda de Seguridad Ciudadana (SSC) de la Ciudad de M\u00e9xico, emiti\u00f3 un comunicado en donde confirm\u00f3 la suspensi\u00f3n de algunos elementos de la polic\u00eda por abuso de autoridad en contra de unos reporteros.<\/p>\n\n\n\n<p>De acuerdo con informaci\u00f3n de \u201cEl Universal\u201d, la tarde de ayer durante las investigaciones de una balacera originada en la colonia Tepalcates, en la alcald\u00eda Iztapalapa, elementos de seguridad agredieron a algunos civiles y reporteros que se encontraban en la zona.<\/p>\n\n\n\n<p>En la alcald\u00eda Iztapalapa, se levant\u00f3 una queja de los representantes de los medios de comunicaci\u00f3n hacia los elementos de seguridad por la agresi\u00f3n mientras los periodistas cubr\u00edan una balacera.<\/p>\n\n\n\n<p>EN MICHOAC\u00c1N<\/p>\n\n\n\n<p>En tanto que en en un barranco en el municipio de Morelos, estado de Michoac\u00e1n, fueron localizados siete cuerpos, que se hallaron a la altura del kil\u00f3metro 37 de la carretera Morelos-Huaniqueo.<\/p>\n\n\n\n<p>Durante un recorrido de vigilancia, elementos de la Guardia Nacional y Guardia Civil&nbsp;detectaron&nbsp;un aroma f\u00e9tido que proven\u00eda del fondo de un despe\u00f1adero, report\u00f3 \u201cMilenio\u201d, por lo cual la Fiscal\u00eda General del Estado inici\u00f3 las indagatorias correspondientes.<\/p>\n\n\n\n<p>EN GUERRERO<\/p>\n\n\n\n<p>Mientras que en el estado de Guerreo, por lo menos siete personas fueron asesinadas y cinco heridas a causa de un enfrentamiento durante la celebraci\u00f3n por el D\u00eda de las Madres, la noche del mi\u00e9rcoles en la comunidad de Corral de Piedra, en el municipio de Leonardo Bravo.<\/p>\n\n\n\n<p>De acuerdo al reporte policiaco, alrededor de las 11 de la noche, tras una ri\u00f1a entre familias ocurri\u00f3 el enfrentamiento.<\/p>\n","protected":false},"excerpt":{"rendered":"<p>Redacci\u00f3n\/Zona Roja Cdmx. Ciudad de M\u00e9xico, a 12 de mayo de 2023.- Un periodista fue&hellip;<\/p>\n","protected":false},"author":2,"featured_media":47151,"comment_status":"closed","ping_status":"open","sticky":false,"template":"","format":"standard","meta":{"_lmt_disableupdate":"","_lmt_disable":"","_jetpack_memberships_contains_paid_content":false,"footnotes":""},"categories":[109,51],"tags":[1746],"class_list":["post-55137","post","type-post","status-publish","format-standard","has-post-thumbnail","hentry","category-minuto-a-minuto","category-zona-roja","tag-violencia-en-mexico"],"jetpack_featured_media_url":"https:\/\/zonaroja.com.mx\/wp-content\/uploads\/2022\/10\/Delitos-violencia-homicidios-asesinatos-Oaxaca.jpg","jetpack_sharing_enabled":true,"_links":{"self":[{"href":"https:\/\/zonaroja.com.mx\/index.php?rest_route=\/wp\/v2\/posts\/55137","targetHints":{"allow":["GET"]}}],"collection":[{"href":"https:\/\/zonaroja.com.mx\/index.php?rest_route=\/wp\/v2\/posts"}],"about":[{"href":"https:\/\/zonaroja.com.mx\/index.php?rest_route=\/wp\/v2\/types\/post"}],"author":[{"embeddable":true,"href":"https:\/\/zonaroja.com.mx\/index.php?rest_route=\/wp\/v2\/users\/2"}],"replies":[{"embeddable":true,"href":"https:\/\/zonaroja.com.mx\/index.php?rest_route=%2Fwp%2Fv2%2Fcomments&post=55137"}],"version-history":[{"count":1,"href":"https:\/\/zonaroja.com.mx\/index.php?rest_route=\/wp\/v2\/posts\/55137\/revisions"}],"predecessor-version":[{"id":55138,"href":"https:\/\/zonaroja.com.mx\/index.php?rest_route=\/wp\/v2\/posts\/55137\/revisions\/55138"}],"wp:featuredmedia":[{"embeddable":true,"href":"https:\/\/zonaroja.com.mx\/index.php?rest_route=\/wp\/v2\/media\/47151"}],"wp:attachment":[{"href":"https:\/\/zonaroja.com.mx\/index.php?rest_route=%2Fwp%2Fv2%2Fmedia&parent=55137"}],"wp:term":[{"taxonomy":"category","embeddable":true,"href":"https:\/\/zonaroja.com.mx\/index.php?rest_route=%2Fwp%2Fv2%2Fcategories&post=55137"},{"taxonomy":"post_tag","embeddable":true,"href":"https:\/\/zonaroja.com.mx\/index.php?rest_route=%2Fwp%2Fv2%2Ftags&post=55137"}],"curies":[{"name":"wp","href":"https:\/\/api.w.org\/{rel}","templated":true}]}}