{"id":55139,"date":"2023-05-12T09:30:00","date_gmt":"2023-05-12T14:30:00","guid":{"rendered":"http:\/\/www.zonaroja.com.mx\/?p=55139"},"modified":"2023-05-12T07:48:40","modified_gmt":"2023-05-12T12:48:40","slug":"coopera-amlo-con-eu-guardia-nacional-frenara-a-migrantes-en-frontera-sur","status":"publish","type":"post","link":"https:\/\/zonaroja.com.mx\/?p=55139","title":{"rendered":"Coopera AMLO con EU: Guardia Nacional frenar\u00e1 a migrantes en frontera sur"},"content":{"rendered":"\n<p>Redacci\u00f3n\/Zona Roja Cdmx.<\/p>\n\n\n\n<p>Ciudad de M\u00e9xico, a 12 de mayo de 2023.- Ante la ola migratoria sin precedente en la regi\u00f3n y con el cierre de las restricciones de Estados Unidos bajo el llamado T\u00edtulo 42, el presidente Andr\u00e9s Manuel L\u00f3pez Obrador confirm\u00f3 que se reforzar\u00e1 la frontera sur de M\u00e9xico con el env\u00edo de m\u00e1s efectivos de la Guardia Nacional (GN).&nbsp;<\/p>\n\n\n\n<p>En la \u201cma\u00f1anera\u201d de ayer, a pregunta sobre el tema, afirm\u00f3 que se trata de una decisi\u00f3n de su gobierno y la medida no responde a una petici\u00f3n que le haya hecho su hom\u00f3logo estadunidense, Joe Biden, durante la charla telef\u00f3nica que sostuvieron el martes pasado, donde el punto central de la conversaci\u00f3n fue el migratorio.<\/p>\n\n\n\n<p>El objetivo de esa determinaci\u00f3n, declar\u00f3, es cuidar a los extranjeros que pretenden transitar por la riesgosa ruta hacia el norte, al igual que evitar conflictos en la franja fronteriza entre M\u00e9xico y Estados Unidos, situaci\u00f3n a la que apuestan \u2013advirti\u00f3\u2013 algunos pol\u00edticos de ese pa\u00eds, como los gobernadores de Florida, Ron DeSantis, y de Texas, Greg Abbott, y legisladores.<\/p>\n\n\n\n<p>Ayer, \u201cLa Jornada\u201d dio a conocer que un alto funcionario de la Casa Blanca asegur\u00f3 que en la conversaci\u00f3n telef\u00f3nica entre L\u00f3pez Obrador y Biden, \u201cel gobierno de M\u00e9xico se comprometi\u00f3 a realizar una operaci\u00f3n de aplicaci\u00f3n de ley bastante robusta en su frontera sur y en rutas de tr\u00e1nsito (migratorio) hacia su frontera norte\u201d.<\/p>\n\n\n\n<p>\u2013\u00bfSe acord\u00f3 el env\u00edo de m\u00e1s elementos de la GN para la frontera sur de M\u00e9xico con el presidente Biden? \u2013se pregunt\u00f3 al mandatario mexicano ayer en su conferencia ma\u00f1anera.<\/p>\n\n\n\n<p>\u2013No, con \u00e9l no lo acordamos, nosotros tomamos la decisi\u00f3n \u2013respondi\u00f3.<\/p>\n\n\n\n<p>\u2013\u00bfHabr\u00e1 un reforzamiento en (esa) frontera? \u2013se le insisti\u00f3.<\/p>\n\n\n\n<p>\u2013S\u00ed, pero llevan instrucci\u00f3n de no utilizar la fuerza \u2013replic\u00f3.<\/p>\n\n\n\n<p>Alert\u00f3 de los peligros de la ruta en su paso por M\u00e9xico (enga\u00f1os de los traficantes de personas; condiciones inhumanas en los transportes para llevarlos al norte, como el hacinamiento de entre 400 o 500 personas en la caja de un tr\u00e1iler, sin ox\u00edgeno, con riesgo de accidentes; y secuestros del crimen organizado), por lo que volvi\u00f3 a recomendar a los migrantes a optar por las v\u00edas que ha lanzando Estados Unidos.<\/p>\n\n\n\n<p>\u201cHemos estado recibiendo informaci\u00f3n que hay muchos polleros, m\u00e1s que de costumbre, muchos traficantes de personas que est\u00e1n ofreciendo llevar por ocho, 10 mil d\u00f3lares a migrantes a la frontera (norte), hablando que a partir de hoy ya pueden entrar libremente \u2013con el fin del T\u00edtulo 42\u2013, y es una mentira, es una manipulaci\u00f3n.\u201d<\/p>\n\n\n\n<p>Sostuvo que el compromiso es cooperar con el gobierno de Estados Unidos \u201cpara que no haya caos, y mucho menos violencia en la frontera. Estamos nosotros ayudando en el sureste para que se proteja a migrantes\u201d, por lo que un equipo de su gobierno, encabezado por el canciller Marcelo Ebrard, est\u00e1 encargado de brindar informaci\u00f3n a los extranjeros.<\/p>\n\n\n\n<p>L\u00f3pez Obrador refiri\u00f3 que un punto que s\u00ed le plante\u00f3 al jefe de la Casa Blanca en su charla fue que existen personajes estadunidenses que desean un diferendo en la frontera. \u201cLe dije que hay pol\u00edticos en su pa\u00eds, pero pol\u00edticos es decir mucho, \u00bfno?, es tratarlos muy bien, son politiqueros; le dije textualmente: pol\u00edticos oportunistas, que quisieran que se produjera un conflicto en la frontera.<\/p>\n\n\n\n<p>\u201cLo que hizo el gobernador de Florida no es casual, que ya no van a poder trabajar (en ese estado) migrantes, \u00bfc\u00f3mo le van a hacer? Pero es politiquer\u00eda, y lo mismo el gobernador de Texas, est\u00e1 en el mismo plan, y legisladores. Entonces, hay que actuar de manera precavida, evitar que haya una confrontaci\u00f3n porque ellos apuestan a eso.\u201d<\/p>\n\n\n\n<p>Durante la llamada insisti\u00f3 a Biden en que se deben atender las causas del fen\u00f3meno, sobre todo con apoyos directos a las naciones expulsoras, mientras el estadunidense le inform\u00f3 que ampliar\u00e1 los recursos para las naciones de Centroam\u00e9rica.<\/p>\n\n\n\n<p>El l\u00edder mexicano subray\u00f3 que hay que contrarrestar la migraci\u00f3n forzada, atendiendo y apoyando a la gente que lo requiere. \u201cHay que llevar a cada pa\u00eds el sue\u00f1o americano\u201d.<\/p>\n\n\n\n<p>(Informaci\u00f3n de \u201cLa Jornada\u201d)<\/p>\n","protected":false},"excerpt":{"rendered":"<p>Redacci\u00f3n\/Zona Roja Cdmx. Ciudad de M\u00e9xico, a 12 de mayo de 2023.- Ante la ola&hellip;<\/p>\n","protected":false},"author":2,"featured_media":55140,"comment_status":"closed","ping_status":"open","sticky":false,"template":"","format":"standard","meta":{"_lmt_disableupdate":"","_lmt_disable":"","_jetpack_memberships_contains_paid_content":false,"footnotes":""},"categories":[109,47],"tags":[3539],"class_list":["post-55139","post","type-post","status-publish","format-standard","has-post-thumbnail","hentry","category-minuto-a-minuto","category-zona-gris","tag-crisis-migratoria-en-mexico"],"jetpack_featured_media_url":"https:\/\/zonaroja.com.mx\/wp-content\/uploads\/2023\/05\/Migrantes-Guardia-Nacional-frontera-sur.jpeg","jetpack_sharing_enabled":true,"_links":{"self":[{"href":"https:\/\/zonaroja.com.mx\/index.php?rest_route=\/wp\/v2\/posts\/55139","targetHints":{"allow":["GET"]}}],"collection":[{"href":"https:\/\/zonaroja.com.mx\/index.php?rest_route=\/wp\/v2\/posts"}],"about":[{"href":"https:\/\/zonaroja.com.mx\/index.php?rest_route=\/wp\/v2\/types\/post"}],"author":[{"embeddable":true,"href":"https:\/\/zonaroja.com.mx\/index.php?rest_route=\/wp\/v2\/users\/2"}],"replies":[{"embeddable":true,"href":"https:\/\/zonaroja.com.mx\/index.php?rest_route=%2Fwp%2Fv2%2Fcomments&post=55139"}],"version-history":[{"count":1,"href":"https:\/\/zonaroja.com.mx\/index.php?rest_route=\/wp\/v2\/posts\/55139\/revisions"}],"predecessor-version":[{"id":55141,"href":"https:\/\/zonaroja.com.mx\/index.php?rest_route=\/wp\/v2\/posts\/55139\/revisions\/55141"}],"wp:featuredmedia":[{"embeddable":true,"href":"https:\/\/zonaroja.com.mx\/index.php?rest_route=\/wp\/v2\/media\/55140"}],"wp:attachment":[{"href":"https:\/\/zonaroja.com.mx\/index.php?rest_route=%2Fwp%2Fv2%2Fmedia&parent=55139"}],"wp:term":[{"taxonomy":"category","embeddable":true,"href":"https:\/\/zonaroja.com.mx\/index.php?rest_route=%2Fwp%2Fv2%2Fcategories&post=55139"},{"taxonomy":"post_tag","embeddable":true,"href":"https:\/\/zonaroja.com.mx\/index.php?rest_route=%2Fwp%2Fv2%2Ftags&post=55139"}],"curies":[{"name":"wp","href":"https:\/\/api.w.org\/{rel}","templated":true}]}}