{"id":55142,"date":"2023-05-12T11:30:00","date_gmt":"2023-05-12T16:30:00","guid":{"rendered":"http:\/\/www.zonaroja.com.mx\/?p=55142"},"modified":"2023-05-12T07:58:09","modified_gmt":"2023-05-12T12:58:09","slug":"incumple-sinfra-en-rehabilitacion-de-simbolos-patrios-a-cuatro-meses-de-prometer-mejoras","status":"publish","type":"post","link":"https:\/\/zonaroja.com.mx\/?p=55142","title":{"rendered":"Incumple Sinfra en rehabilitaci\u00f3n de S\u00edmbolos Patrios, a cuatro meses de prometer mejoras"},"content":{"rendered":"\n<p>Yuridiana Sosa\/Zona Roja.<\/p>\n\n\n\n<p>Oaxaca de Ju\u00e1rez, Oax., a 12 de mayo de 2023.- Las deficiencias de la obra p\u00fablica ejecutada en la avenida S\u00edmbolos Patrios, por el gobierno estatal anterior, siguen sin ser solucionadas por la Secretar\u00eda de las Infraestructuras y Ordenamiento Territorial Sustentable, como lo prometi\u00f3 a inicios de este 2023.<\/p>\n\n\n\n<p>Tramos de carretera sin pavimentar y camellones inconclusos; registros abiertos que representa un peligro para automovilistas y transe\u00fantes; hundimientos y tramos destruidos; huecos para postes sin postes y con material de construcci\u00f3n expuesto, con son solo algunas de las evidencias de que sigue intacta dicha obra por parte de la actual administraci\u00f3n.<\/p>\n\n\n\n<p>A mediados de enero, el gobierno de Salom\u00f3n Jara Cruz, a trav\u00e9s del titular de Sinfra, Netzahualc\u00f3yotl Salvatierra L\u00f3pez, aludi\u00f3 de avances con la empresa Cemex para rehabilitar esa y otras obras, pero hasta ahora tampoco han vuelto a informar del tema.<\/p>\n\n\n\n<figure class=\"wp-block-embed is-type-rich is-provider-twitter wp-block-embed-twitter\"><div class=\"wp-block-embed__wrapper\">\n<div class=\"twitter-tweet\"><blockquote class=\"twitter-tweet\" data-lang=\"es\"><p lang=\"es\" dir=\"ltr\">A casi medio a\u00f1o del gobierno de <a href=\"https:\/\/twitter.com\/salomonj?ref_src=twsrc%5Etfw\">@salomonj<\/a>, las obras de la avenida S\u00edmbolos Patrios, inconclusas y mal hechas en el sexenio anterior, no han sido atendidas por <a href=\"https:\/\/twitter.com\/SINFRA_GobOax?ref_src=twsrc%5Etfw\">@SINFRA_GobOax<\/a>. <br>Ni denuncias ni auditor\u00edas; los vecinos de la agencia de Candiani cuestionan si el titular\u2026 <a href=\"https:\/\/t.co\/xAV09GC3OF\">pic.twitter.com\/xAV09GC3OF<\/a><\/p>&mdash; Zona Roja Oaxaca (@ZonaRoja_Oaxaca) <a href=\"https:\/\/twitter.com\/ZonaRoja_Oaxaca\/status\/1656731204274515970?ref_src=twsrc%5Etfw\">11 de mayo de 2023<\/a><\/blockquote><\/div>\n<\/div><\/figure>\n\n\n\n<p>S\u00d3LO PROMESAS<\/p>\n\n\n\n<p>El funcionario apunt\u00f3 que el gobierno estatal dar\u00eda soluci\u00f3n a trav\u00e9s de Cemex, con quien desde esa fecha ya iniciar\u00eda los primeros trabajos con la supervisi\u00f3n de las \u00e1reas afectadas, mientras que desde el gobierno continuaban con la investigaci\u00f3n y deslinde de responsables.<\/p>\n\n\n\n<p>Durante la conferencia dijo que resolver\u00edan las deficiencias y agreg\u00f3 que las fallas de origen las principales obras en la capital fue la falta de planeaci\u00f3n a trav\u00e9s de un proyecto ejecutivo previo al inicio de la construcci\u00f3n, as\u00ed como no existir trabajos coordinado con otros gobiernos, en su caso, el del municipio de Oaxaca de Ju\u00e1rez.<\/p>\n\n\n\n<p>La obra denominada&nbsp;\u201cAmpliaci\u00f3n y modernizaci\u00f3n en la carretera troncal n\u00famero 175 Oaxaca-Puerto \u00c1ngel, kil\u00f3metro 1+000 al km 3+000\u201d, en avenida&nbsp;S\u00edmbolos&nbsp;Patrios, represent\u00f3 una inversi\u00f3n de 197.64 millones de pesos y en noviembre, a d\u00edas de terminar el sexenio de Alejandro Murat fue calificada con el estatus de \u201cdetalles finales\u201d para su terminaci\u00f3n.<\/p>\n\n\n\n<p>Entre otras huellas de malas obras e inconclusas en la misma zona se registra la rehabilitaci\u00f3n del drenaje sanitario margen derecho de avenida S\u00edmbolos Patrios, cobertura municipal Santa Cruz Xoxocotl\u00e1n, pero ubicada en Oaxaca de Ju\u00e1rez, con una inversi\u00f3n de m\u00e1s de 6.7 millones de pesos.<\/p>\n","protected":false},"excerpt":{"rendered":"<p>Yuridiana Sosa\/Zona Roja. Oaxaca de Ju\u00e1rez, Oax., a 12 de mayo de 2023.- Las deficiencias&hellip;<\/p>\n","protected":false},"author":2,"featured_media":55143,"comment_status":"closed","ping_status":"open","sticky":false,"template":"","format":"standard","meta":{"_lmt_disableupdate":"","_lmt_disable":"","_jetpack_memberships_contains_paid_content":false,"footnotes":""},"categories":[109,47],"tags":[1915],"class_list":["post-55142","post","type-post","status-publish","format-standard","has-post-thumbnail","hentry","category-minuto-a-minuto","category-zona-gris","tag-secretaria-de-las-infraestructuras-y-ordenamiento-territorial-sinfra"],"jetpack_featured_media_url":"https:\/\/zonaroja.com.mx\/wp-content\/uploads\/2023\/05\/Obra-inconclusa-Simbolos-Patrios.jpg","jetpack_sharing_enabled":true,"_links":{"self":[{"href":"https:\/\/zonaroja.com.mx\/index.php?rest_route=\/wp\/v2\/posts\/55142","targetHints":{"allow":["GET"]}}],"collection":[{"href":"https:\/\/zonaroja.com.mx\/index.php?rest_route=\/wp\/v2\/posts"}],"about":[{"href":"https:\/\/zonaroja.com.mx\/index.php?rest_route=\/wp\/v2\/types\/post"}],"author":[{"embeddable":true,"href":"https:\/\/zonaroja.com.mx\/index.php?rest_route=\/wp\/v2\/users\/2"}],"replies":[{"embeddable":true,"href":"https:\/\/zonaroja.com.mx\/index.php?rest_route=%2Fwp%2Fv2%2Fcomments&post=55142"}],"version-history":[{"count":1,"href":"https:\/\/zonaroja.com.mx\/index.php?rest_route=\/wp\/v2\/posts\/55142\/revisions"}],"predecessor-version":[{"id":55144,"href":"https:\/\/zonaroja.com.mx\/index.php?rest_route=\/wp\/v2\/posts\/55142\/revisions\/55144"}],"wp:featuredmedia":[{"embeddable":true,"href":"https:\/\/zonaroja.com.mx\/index.php?rest_route=\/wp\/v2\/media\/55143"}],"wp:attachment":[{"href":"https:\/\/zonaroja.com.mx\/index.php?rest_route=%2Fwp%2Fv2%2Fmedia&parent=55142"}],"wp:term":[{"taxonomy":"category","embeddable":true,"href":"https:\/\/zonaroja.com.mx\/index.php?rest_route=%2Fwp%2Fv2%2Fcategories&post=55142"},{"taxonomy":"post_tag","embeddable":true,"href":"https:\/\/zonaroja.com.mx\/index.php?rest_route=%2Fwp%2Fv2%2Ftags&post=55142"}],"curies":[{"name":"wp","href":"https:\/\/api.w.org\/{rel}","templated":true}]}}