{"id":55145,"date":"2023-05-12T13:58:00","date_gmt":"2023-05-12T18:58:00","guid":{"rendered":"http:\/\/www.zonaroja.com.mx\/?p=55145"},"modified":"2023-05-12T08:05:08","modified_gmt":"2023-05-12T13:05:08","slug":"organizacion-rsf-registra-en-mexico-20-de-los-asesinatos-de-periodistas","status":"publish","type":"post","link":"https:\/\/zonaroja.com.mx\/?p=55145","title":{"rendered":"Organizaci\u00f3n RSF registra en M\u00e9xico 20% de los asesinatos de periodistas"},"content":{"rendered":"\n<p>Redacci\u00f3n\/Zona Roja Cdmx.<\/p>\n\n\n\n<p>Ciudad de M\u00e9xico, a 12 de mayo de 2023.- Autocensura y falta de garant\u00edas para poder realizar su labor, son dos de las principales circunstancias que los periodistas afrontan en M\u00e9xico, coincidieron comunicadores y expertos.<\/p>\n\n\n\n<p>Christian Mihr, director Ejecutivo de Reporteros Sin Fronteras (RSF), explic\u00f3 que en M\u00e9xico existen programas de protecci\u00f3n que no funcionan ya que no cuentan con recursos necesarios; adem\u00e1s, de que los periodistas que est\u00e1n dentro de la protecci\u00f3n son asesinados.<\/p>\n\n\n\n<p>En M\u00e9xico, apunt\u00f3, se ubican 20% de los asesinatos de periodistas, por a\u00f1o, en todo el mundo, por lo que se deber\u00edan fortalecerse los programas de protecci\u00f3n.<\/p>\n\n\n\n<p>Agreg\u00f3 que, seg\u00fan la Unesco, entre 95 y 99% de los homicidios contra periodistas quedan impunes.<\/p>\n\n\n\n<p>En el marco de la realizaci\u00f3n del conservatorio \u201cLa prensa bajo fuego: Estrategias de periodistas mexicanos en un contexto de violencia mort\u00edfera\u201d, convocado por la fundaci\u00f3n alemana Heinrich B\u00f6ll, desde Berl\u00edn, Marcela Turati, periodista y fundadora de Quinto Elemento Lab, afirm\u00f3 que, desde el gobierno, los periodistas son estigmatizados y comienzan a autocensurarse para protegerse de la burla en redes sociales.<\/p>\n\n\n\n<p>Adem\u00e1s, se\u00f1al\u00f3 que los periodistas y en general la prensa local es la m\u00e1s amenazada y con ingresos menores a los que se reciben en la capital del pa\u00eds; aunado a esto, carecen de protocolos de seguridad y sufren despidos debido a que los medios no desean problemas con las autoridades.<\/p>\n\n\n\n<p>Turati puntualiz\u00f3 que el presidente, Andr\u00e9s Manuel L\u00f3pez Obrador, se comporta como Donald Trump pues muestra a los periodistas como enemigos del pueblo, y eso es grave porque se les deber\u00eda dar seguridad a la prensa en M\u00e9xico.<\/p>\n\n\n\n<p>La periodista, especializada en derechos humanos, consider\u00f3 que las r\u00e9plicas que el Ejecutivo federal hace a trabajos period\u00edsticos son excesivas, pues no se compara la capacidad de alcance del gobierno con la de periodistas o medios.<\/p>\n\n\n\n<p>Incluso se\u00f1al\u00f3 que a veces han cometido errores al criticar notas verdaderas, pero la gente se queda con la burla o estigmatizaci\u00f3n.<\/p>\n\n\n\n<p>(Informaci\u00f3n de \u201cEl Economista\u201d)<\/p>\n","protected":false},"excerpt":{"rendered":"<p>Redacci\u00f3n\/Zona Roja Cdmx. Ciudad de M\u00e9xico, a 12 de mayo de 2023.- Autocensura y falta&hellip;<\/p>\n","protected":false},"author":2,"featured_media":55148,"comment_status":"closed","ping_status":"open","sticky":false,"template":"","format":"standard","meta":{"_lmt_disableupdate":"","_lmt_disable":"","_jetpack_memberships_contains_paid_content":false,"footnotes":""},"categories":[109,47],"tags":[67],"class_list":["post-55145","post","type-post","status-publish","format-standard","has-post-thumbnail","hentry","category-minuto-a-minuto","category-zona-gris","tag-prensa"],"jetpack_featured_media_url":"https:\/\/zonaroja.com.mx\/wp-content\/uploads\/2023\/05\/Asesinatos-periodistas-prensa-agresiones-Mexico.jpeg","jetpack_sharing_enabled":true,"_links":{"self":[{"href":"https:\/\/zonaroja.com.mx\/index.php?rest_route=\/wp\/v2\/posts\/55145","targetHints":{"allow":["GET"]}}],"collection":[{"href":"https:\/\/zonaroja.com.mx\/index.php?rest_route=\/wp\/v2\/posts"}],"about":[{"href":"https:\/\/zonaroja.com.mx\/index.php?rest_route=\/wp\/v2\/types\/post"}],"author":[{"embeddable":true,"href":"https:\/\/zonaroja.com.mx\/index.php?rest_route=\/wp\/v2\/users\/2"}],"replies":[{"embeddable":true,"href":"https:\/\/zonaroja.com.mx\/index.php?rest_route=%2Fwp%2Fv2%2Fcomments&post=55145"}],"version-history":[{"count":1,"href":"https:\/\/zonaroja.com.mx\/index.php?rest_route=\/wp\/v2\/posts\/55145\/revisions"}],"predecessor-version":[{"id":55149,"href":"https:\/\/zonaroja.com.mx\/index.php?rest_route=\/wp\/v2\/posts\/55145\/revisions\/55149"}],"wp:featuredmedia":[{"embeddable":true,"href":"https:\/\/zonaroja.com.mx\/index.php?rest_route=\/wp\/v2\/media\/55148"}],"wp:attachment":[{"href":"https:\/\/zonaroja.com.mx\/index.php?rest_route=%2Fwp%2Fv2%2Fmedia&parent=55145"}],"wp:term":[{"taxonomy":"category","embeddable":true,"href":"https:\/\/zonaroja.com.mx\/index.php?rest_route=%2Fwp%2Fv2%2Fcategories&post=55145"},{"taxonomy":"post_tag","embeddable":true,"href":"https:\/\/zonaroja.com.mx\/index.php?rest_route=%2Fwp%2Fv2%2Ftags&post=55145"}],"curies":[{"name":"wp","href":"https:\/\/api.w.org\/{rel}","templated":true}]}}