{"id":5515,"date":"2019-11-07T15:39:49","date_gmt":"2019-11-07T21:39:49","guid":{"rendered":"http:\/\/www.zonaroja.com.mx\/?p=5515"},"modified":"2019-11-07T15:39:52","modified_gmt":"2019-11-07T21:39:52","slug":"santa-lucia-del-camino-refugio-de-narcomenudistas-y-robacarros","status":"publish","type":"post","link":"https:\/\/zonaroja.com.mx\/?p=5515","title":{"rendered":"Santa Luc\u00eda del Camino, refugio de \u201cnarcomenudistas\u201d y robacarros"},"content":{"rendered":"\n<p>Ismael Garc\u00eda M.\/Zona Roja.<\/p>\n\n\n\n<p>Santa Luc\u00eda del Camino, Oax., 7 de\nnoviembre de 2019.- A escasas cuadras del palacio municipal de Santa Luc\u00eda del\nCamino, se hall\u00f3 un refugio de presuntos \u201cnarcomenudistas\u201d y robacarros, donde\nse detuvieron a cuatro personas y una menor de edad.<\/p>\n\n\n\n<p>Fue en un domicilio de la calle Sabinos\nde la colonia Del Bosque Norte en que poco despu\u00e9s de las nueve de la ma\u00f1ana,\nlos elementos policiacos acudieron a un llamado de auxilio de una denunciante\nan\u00f3nima que report\u00f3 movimientos sospechosos en ese lugar.<\/p>\n\n\n\n<p>Tras ello, los uniformados arribaron y al llegar, un individuo se daba a la fuga con una motocicleta color negra, marca Bajaj, por lo que fue interceptado; al revisar la base de datos, se hall\u00f3 que la unidad fue robada en la colonia Felipe Carrillo Puerto de Santa Luc\u00eda, cuyo propietario de nombre David, la reconoci\u00f3 v\u00eda redes sociales.<\/p>\n\n\n\n<figure class=\"wp-block-embed-twitter wp-block-embed is-type-rich is-provider-twitter\"><div class=\"wp-block-embed__wrapper\">\n<div class=\"twitter-tweet\"><blockquote class=\"twitter-tweet\" data-lang=\"es\"><p lang=\"es\" dir=\"ltr\"><a href=\"https:\/\/twitter.com\/hashtag\/OaxacaRojo?src=hash&amp;ref_src=twsrc%5Etfw\">#OaxacaRojo<\/a><br>Por una denuncia an\u00f3nima, polic\u00edas municipales de Santa Luc\u00eda del Camino, <a href=\"https:\/\/twitter.com\/hashtag\/Oaxaca?src=hash&amp;ref_src=twsrc%5Etfw\">#Oaxaca<\/a>, hallaron en un domicilio una moto robada, placas de veh\u00edculos, droga, chips de celulares, as\u00ed como detuvieron a tres hombres y una mujer, adem\u00e1s de hallar una menor de edad. <a href=\"https:\/\/t.co\/ZqKMH5Ehk2\">pic.twitter.com\/ZqKMH5Ehk2<\/a><\/p>&mdash; Zona Roja Oaxaca (@MexRoja) <a href=\"https:\/\/twitter.com\/MexRoja\/status\/1192517058669555712?ref_src=twsrc%5Etfw\">7 de noviembre de 2019<\/a><\/blockquote><\/div>\n<\/div><\/figure>\n\n\n\n<p>Al exterior del domicilio, los polic\u00edas\nhallaron a otros dos individuos y una mujer, m\u00e1s una menor de edad con cajas de\ncart\u00f3n y mochilas.<\/p>\n\n\n\n<p>Al momento de hacer la revisi\u00f3n se encontr\u00f3\nentre sus pertenencias: 29 bolsas peque\u00f1as tipo ziploc color negro, conteniendo\nen su interior polvo granulado con caracter\u00edsticas de la droga conocida como\n\u201ccristal\u201d.<\/p>\n\n\n\n<p>Adem\u00e1s, entre las pertenencias de los sospechosos se encontraban cinco placas de motocicleta del estado de Oaxaca, la \u00faltima con reporte de robo con fecha 27 de agosto, 29 chips telcel liberados y seis casquillos percutidos entre ellos 4 cal .32 , 1 de 9mm y 1 de 38 SPL.<\/p>\n\n\n\n<figure class=\"wp-block-embed-twitter wp-block-embed is-type-rich is-provider-twitter\"><div class=\"wp-block-embed__wrapper\">\n<div class=\"twitter-tweet\"><blockquote class=\"twitter-tweet\" data-lang=\"es\"><p lang=\"es\" dir=\"ltr\"><a href=\"https:\/\/twitter.com\/hashtag\/OaxacaGris?src=hash&amp;ref_src=twsrc%5Etfw\">#OaxacaGris<\/a><br>El comandante de la Polic\u00eda Municipal de Santa Luc\u00eda del Camino, Rogelio Escamilla, da algunos detalles del hallazgo y las detenciones realizadas hoy en un domicilio de la calle Sabinos, colonia del Bosque Norte. <a href=\"https:\/\/t.co\/ZgmKKnw7HN\">pic.twitter.com\/ZgmKKnw7HN<\/a><\/p>&mdash; Zona Roja Oaxaca (@MexRoja) <a href=\"https:\/\/twitter.com\/MexRoja\/status\/1192518773036736519?ref_src=twsrc%5Etfw\">7 de noviembre de 2019<\/a><\/blockquote><\/div>\n<\/div><\/figure>\n\n\n\n<p>Los presuntos responsables fueron llevados\na los separos, debajo del palacio municipal, y posteriormente trasladados a la\nFiscal\u00eda General del Estado, para los efectos legales correspondientes.<\/p>\n\n\n\n<p>No obstante que el hallazgo fue por una llamada an\u00f3nima, el comunicado del gobierno de Santa Luc\u00eda del Camino dijo en un comunicado que fue \u201cresultado de una exhaustiva investigaci\u00f3n\u201d. El propio director de la corporaci\u00f3n municipal, Rogelio Escamilla, reconoci\u00f3 que el hallazgo fue a trav\u00e9s de una denuncia ciudadana.<\/p>\n","protected":false},"excerpt":{"rendered":"<p>Ismael Garc\u00eda M.\/Zona Roja. Santa Luc\u00eda del Camino, Oax., 7 de noviembre de 2019.- A&hellip;<\/p>\n","protected":false},"author":2,"featured_media":5516,"comment_status":"closed","ping_status":"open","sticky":false,"template":"","format":"standard","meta":{"_lmt_disableupdate":"","_lmt_disable":"","_jetpack_memberships_contains_paid_content":false,"footnotes":""},"categories":[109,47],"tags":[337],"class_list":["post-5515","post","type-post","status-publish","format-standard","has-post-thumbnail","hentry","category-minuto-a-minuto","category-zona-gris","tag-santa-lucia-del-camino"],"jetpack_featured_media_url":"https:\/\/zonaroja.com.mx\/wp-content\/uploads\/2019\/11\/Detenidos-Santa-Luc\u00eda-del-Camino.jpg","jetpack_sharing_enabled":true,"_links":{"self":[{"href":"https:\/\/zonaroja.com.mx\/index.php?rest_route=\/wp\/v2\/posts\/5515","targetHints":{"allow":["GET"]}}],"collection":[{"href":"https:\/\/zonaroja.com.mx\/index.php?rest_route=\/wp\/v2\/posts"}],"about":[{"href":"https:\/\/zonaroja.com.mx\/index.php?rest_route=\/wp\/v2\/types\/post"}],"author":[{"embeddable":true,"href":"https:\/\/zonaroja.com.mx\/index.php?rest_route=\/wp\/v2\/users\/2"}],"replies":[{"embeddable":true,"href":"https:\/\/zonaroja.com.mx\/index.php?rest_route=%2Fwp%2Fv2%2Fcomments&post=5515"}],"version-history":[{"count":1,"href":"https:\/\/zonaroja.com.mx\/index.php?rest_route=\/wp\/v2\/posts\/5515\/revisions"}],"predecessor-version":[{"id":5517,"href":"https:\/\/zonaroja.com.mx\/index.php?rest_route=\/wp\/v2\/posts\/5515\/revisions\/5517"}],"wp:featuredmedia":[{"embeddable":true,"href":"https:\/\/zonaroja.com.mx\/index.php?rest_route=\/wp\/v2\/media\/5516"}],"wp:attachment":[{"href":"https:\/\/zonaroja.com.mx\/index.php?rest_route=%2Fwp%2Fv2%2Fmedia&parent=5515"}],"wp:term":[{"taxonomy":"category","embeddable":true,"href":"https:\/\/zonaroja.com.mx\/index.php?rest_route=%2Fwp%2Fv2%2Fcategories&post=5515"},{"taxonomy":"post_tag","embeddable":true,"href":"https:\/\/zonaroja.com.mx\/index.php?rest_route=%2Fwp%2Fv2%2Ftags&post=5515"}],"curies":[{"name":"wp","href":"https:\/\/api.w.org\/{rel}","templated":true}]}}