{"id":55150,"date":"2023-05-12T10:06:00","date_gmt":"2023-05-12T15:06:00","guid":{"rendered":"http:\/\/www.zonaroja.com.mx\/?p=55150"},"modified":"2023-05-12T08:11:04","modified_gmt":"2023-05-12T13:11:04","slug":"congreso-de-oaxaca-pide-a-la-fgr-indagar-crimenes-en-la-mixteca","status":"publish","type":"post","link":"https:\/\/zonaroja.com.mx\/?p=55150","title":{"rendered":"Congreso de Oaxaca pide a la FGR indagar cr\u00edmenes en la Mixteca"},"content":{"rendered":"\n<p>Yuridiana Sosa\/Zona Roja.<\/p>\n\n\n\n<p>Oaxaca de Ju\u00e1rez, Oax., a 12 de mayo de 2023.- Con 31 votos a favor, diputados de la 65 Legislatura aprobaron realizar un exhorto a la Fiscal\u00eda General de la Rep\u00fablica y a la delegaci\u00f3n Estatal Oaxaca de la FGR, para que de manera pronta y expedita realicen una investigaci\u00f3n exhaustiva de los hechos violentos del 5 de mayo en la comunidad de L\u00e1zaro C\u00e1rdenas del municipio de San Miguel el Grande, Oaxaca, y se castigue a los responsables.<\/p>\n\n\n\n<p>El punto de acuerdo fue emitido por el diputado Sergio L\u00f3pez S\u00e1nchez, de Morena, quien urgi\u00f3 esta necesidad ante el lamentable saldo de tres res personas asesinadas, varias heridas y viviendas y veh\u00edculos quemados, hechos en los que se se\u00f1al\u00f3 tambi\u00e9n el uso de armas exclusivas del ej\u00e9rcito por parte de los atacantes, presuntamente de la comunidad de Llano de Guadalupe, en la Mixteca.<\/p>\n\n\n\n<p>AVALAN A EDIL<\/p>\n\n\n\n<p>Por otra parte, en segunda sesi\u00f3n extraordinaria de este jueves, y \u00faltima del segundo periodo extraordinario de sesiones, el cuerpo colegiado declar\u00f3 procedente el nombramiento de Adalberto Vel\u00e1zquez L\u00f3pez, para que asuma el cargo de presidente municipal del ayuntamiento de la Heroica Villa de San Blas Atempa, en la regi\u00f3n del Istmo.<\/p>\n\n\n\n<p>La aprobaci\u00f3n se dio con 35 votos, y se indic\u00f3 que el periodo legal para las funciones de Vel\u00e1zquez L\u00f3pez es del 30 de marzo al 31 de agosto de 2023.<\/p>\n\n\n\n<p>En tanto que, con 33 votos a favor, la 65 Legislatura determin\u00f3 improcedente autorizar al ayuntamiento de Miahuatl\u00e1n de Porfirio D\u00edaz la asignaci\u00f3n de recursos extraordinarios o una ampliaci\u00f3n presupuestal de 539 mil 83.35 pesos.<\/p>\n\n\n\n<p>El recurso expuso la Comisi\u00f3n Permanente de Presupuesto y Programaci\u00f3n se solicit\u00f3 para el cumplimiento de la condena en su contra en el expediente 03\/2016 radicado en la Cuarta Sala Unitaria del Tribunal de Justicia Administrativa del Estado de Oaxaca, y a la resoluci\u00f3n en el juicio de amparo PRAL. 26\/2020.<\/p>\n\n\n\n<p>Por lo que el Congreso de Oaxaca a su vez determin\u00f3 procedente que el ayuntamiento de Miahuatl\u00e1n de Porfirio D\u00edaz, Oaxaca, realice el pago correspondiente pueda dar cumplimiento a la resoluci\u00f3n dictada en el juicio de amparo PRAL. 26\/2020, pero con recursos econ\u00f3micos de su propia Hacienda Municipal.<\/p>\n","protected":false},"excerpt":{"rendered":"<p>Yuridiana Sosa\/Zona Roja. Oaxaca de Ju\u00e1rez, Oax., a 12 de mayo de 2023.- Con 31&hellip;<\/p>\n","protected":false},"author":2,"featured_media":55151,"comment_status":"closed","ping_status":"open","sticky":false,"template":"","format":"standard","meta":{"_lmt_disableupdate":"","_lmt_disable":"","_jetpack_memberships_contains_paid_content":false,"footnotes":""},"categories":[109,46],"tags":[2743],"class_list":["post-55150","post","type-post","status-publish","format-standard","has-post-thumbnail","hentry","category-minuto-a-minuto","category-zona-blanca","tag-65-legislatura-del-estado-de-oaxaca"],"jetpack_featured_media_url":"https:\/\/zonaroja.com.mx\/wp-content\/uploads\/2023\/05\/Sesion-Congreso-Oaxaca.jpeg","jetpack_sharing_enabled":true,"_links":{"self":[{"href":"https:\/\/zonaroja.com.mx\/index.php?rest_route=\/wp\/v2\/posts\/55150","targetHints":{"allow":["GET"]}}],"collection":[{"href":"https:\/\/zonaroja.com.mx\/index.php?rest_route=\/wp\/v2\/posts"}],"about":[{"href":"https:\/\/zonaroja.com.mx\/index.php?rest_route=\/wp\/v2\/types\/post"}],"author":[{"embeddable":true,"href":"https:\/\/zonaroja.com.mx\/index.php?rest_route=\/wp\/v2\/users\/2"}],"replies":[{"embeddable":true,"href":"https:\/\/zonaroja.com.mx\/index.php?rest_route=%2Fwp%2Fv2%2Fcomments&post=55150"}],"version-history":[{"count":1,"href":"https:\/\/zonaroja.com.mx\/index.php?rest_route=\/wp\/v2\/posts\/55150\/revisions"}],"predecessor-version":[{"id":55152,"href":"https:\/\/zonaroja.com.mx\/index.php?rest_route=\/wp\/v2\/posts\/55150\/revisions\/55152"}],"wp:featuredmedia":[{"embeddable":true,"href":"https:\/\/zonaroja.com.mx\/index.php?rest_route=\/wp\/v2\/media\/55151"}],"wp:attachment":[{"href":"https:\/\/zonaroja.com.mx\/index.php?rest_route=%2Fwp%2Fv2%2Fmedia&parent=55150"}],"wp:term":[{"taxonomy":"category","embeddable":true,"href":"https:\/\/zonaroja.com.mx\/index.php?rest_route=%2Fwp%2Fv2%2Fcategories&post=55150"},{"taxonomy":"post_tag","embeddable":true,"href":"https:\/\/zonaroja.com.mx\/index.php?rest_route=%2Fwp%2Fv2%2Ftags&post=55150"}],"curies":[{"name":"wp","href":"https:\/\/api.w.org\/{rel}","templated":true}]}}