{"id":55153,"date":"2023-05-12T08:37:01","date_gmt":"2023-05-12T13:37:01","guid":{"rendered":"http:\/\/www.zonaroja.com.mx\/?p=55153"},"modified":"2023-05-12T08:37:03","modified_gmt":"2023-05-12T13:37:03","slug":"invalida-tribunal-electoral-federal-elecciones-en-san-agustin-loxicha","status":"publish","type":"post","link":"https:\/\/zonaroja.com.mx\/?p=55153","title":{"rendered":"Invalida Tribunal Electoral federal elecciones en San Agust\u00edn Loxicha"},"content":{"rendered":"\n<p>Redacci\u00f3n\/Zona Roja.<\/p>\n\n\n\n<p>Oaxaca de Ju\u00e1rez, Oax., a 12 de mayo de 2023.- En sesi\u00f3n p\u00fablica, la Sala Regional Xalapa del Tribunal Electoral del Poder Judicial de la Federaci\u00f3n (TEPJF) revoc\u00f3 la sentencia emitida por el Tribunal Electoral del Estado de Oaxaca (TEEO) en el expediente JNI\/10\/2023 y acumulados, que confirm\u00f3 el acuerdo IEEPCO-CG-SNI-370\/2022 del Instituto Estatal Electoral y de Participaci\u00f3n Ciudadana (IEEPCO) que declar\u00f3 v\u00e1lida la elecci\u00f3n de concejal\u00edas del Ayuntamiento de San Agust\u00edn Loxicha.<\/p>\n\n\n\n<p>Las magistraturas federales llegaron a tal determinaci\u00f3n dado que el TEEO omiti\u00f3 suplir la deficiencia de la queja.<\/p>\n\n\n\n<p>Por tanto, revocaron el acuerdo emitido por el IEEPCO y se declar\u00f3 no valida la elecci\u00f3n municipal. Adem\u00e1s, ordenaron reponer los actos preparatorios de la elecci\u00f3n hasta la emisi\u00f3n de la convocatoria y la etapa de registro de candidaturas.<\/p>\n\n\n\n<p>En las elecciones por Sistemas Normativos Ind\u00edgenas efectuadas en octubre pasado, result\u00f3 triunfador Jos\u00e9 Jos\u00e9 Mart\u00ednez, de la planilla \u201cMorada\u201d, victoria que ratificada posteriormente por el Instituto Estatal Electoral y de Participaci\u00f3n Ciudadana de Oaxaca.<\/p>\n","protected":false},"excerpt":{"rendered":"<p>Redacci\u00f3n\/Zona Roja. Oaxaca de Ju\u00e1rez, Oax., a 12 de mayo de 2023.- En sesi\u00f3n p\u00fablica,&hellip;<\/p>\n","protected":false},"author":2,"featured_media":55154,"comment_status":"closed","ping_status":"open","sticky":false,"template":"","format":"standard","meta":{"_lmt_disableupdate":"","_lmt_disable":"","_jetpack_memberships_contains_paid_content":false,"footnotes":""},"categories":[109,46],"tags":[829],"class_list":["post-55153","post","type-post","status-publish","format-standard","has-post-thumbnail","hentry","category-minuto-a-minuto","category-zona-blanca","tag-san-agustin-loxicha"],"jetpack_featured_media_url":"https:\/\/zonaroja.com.mx\/wp-content\/uploads\/2023\/05\/San-Agustin-Loxicha.jpeg","jetpack_sharing_enabled":true,"_links":{"self":[{"href":"https:\/\/zonaroja.com.mx\/index.php?rest_route=\/wp\/v2\/posts\/55153","targetHints":{"allow":["GET"]}}],"collection":[{"href":"https:\/\/zonaroja.com.mx\/index.php?rest_route=\/wp\/v2\/posts"}],"about":[{"href":"https:\/\/zonaroja.com.mx\/index.php?rest_route=\/wp\/v2\/types\/post"}],"author":[{"embeddable":true,"href":"https:\/\/zonaroja.com.mx\/index.php?rest_route=\/wp\/v2\/users\/2"}],"replies":[{"embeddable":true,"href":"https:\/\/zonaroja.com.mx\/index.php?rest_route=%2Fwp%2Fv2%2Fcomments&post=55153"}],"version-history":[{"count":1,"href":"https:\/\/zonaroja.com.mx\/index.php?rest_route=\/wp\/v2\/posts\/55153\/revisions"}],"predecessor-version":[{"id":55155,"href":"https:\/\/zonaroja.com.mx\/index.php?rest_route=\/wp\/v2\/posts\/55153\/revisions\/55155"}],"wp:featuredmedia":[{"embeddable":true,"href":"https:\/\/zonaroja.com.mx\/index.php?rest_route=\/wp\/v2\/media\/55154"}],"wp:attachment":[{"href":"https:\/\/zonaroja.com.mx\/index.php?rest_route=%2Fwp%2Fv2%2Fmedia&parent=55153"}],"wp:term":[{"taxonomy":"category","embeddable":true,"href":"https:\/\/zonaroja.com.mx\/index.php?rest_route=%2Fwp%2Fv2%2Fcategories&post=55153"},{"taxonomy":"post_tag","embeddable":true,"href":"https:\/\/zonaroja.com.mx\/index.php?rest_route=%2Fwp%2Fv2%2Ftags&post=55153"}],"curies":[{"name":"wp","href":"https:\/\/api.w.org\/{rel}","templated":true}]}}