{"id":55156,"date":"2023-05-12T13:06:00","date_gmt":"2023-05-12T18:06:00","guid":{"rendered":"http:\/\/www.zonaroja.com.mx\/?p=55156"},"modified":"2023-05-12T18:40:34","modified_gmt":"2023-05-12T23:40:34","slug":"dan-sentencia-historica-de-46-anos-al-sujeto-que-ataco-con-acido-a-una-mujer","status":"publish","type":"post","link":"https:\/\/zonaroja.com.mx\/?p=55156","title":{"rendered":"Dan sentencia hist\u00f3rica de 46 a\u00f1os al sujeto que atac\u00f3 con \u00e1cido a una mujer"},"content":{"rendered":"\n<p>Redacci\u00f3n\/Zona Roja Cdmx.<\/p>\n\n\n\n<p>Ciudad de M\u00e9xico, a 12 de mayo de 2023.- Carmen S\u00e1nchez fue atacada con \u00e1cido en 2014.&nbsp;<\/p>\n\n\n\n<p>A nueve a\u00f1os del ataque su agresor fue sentenciado a 46 a\u00f1os y 8 meses en prisi\u00f3n, una multa de 212 mil 545 pesos y la cantidad de 3 millones 987 mil 208 pesos como reparaci\u00f3n del da\u00f1o material, durante un audiencia en los juzgados de Valle de Chalco, Estado de M\u00e9xico (Edomex).<\/p>\n\n\n\n<p>Este 11 de mayo, una jueza del Tribunal Superior de Justicia del Estado de M\u00e9xico sentenci\u00f3 a Efr\u00e9n Garc\u00eda Ram\u00edrez, expareja de Carmen y padre de sus hijos. Se trata de una sentencia hist\u00f3rica con relevancia a nivel nacional y Latinoam\u00e9rica, por ser la primera en su tipo.<\/p>\n\n\n\n<p>\u201c\u00a1Se logr\u00f3! 46 a\u00f1os 8 meses para Efr\u00e9n Garc\u00eda Ram\u00edrez, el criminal que intent\u00f3 asesinar con \u00e1cido a Carmen en el 2014. \u00a1Carmen, su asesora jur\u00eddica, su familia y su grupo de acompa\u00f1amiento lo logr\u00f3! Que nunca les digan que no vale la pena luchar.\u201d, public\u00f3 la Fundaci\u00f3n Carmen S\u00e1nchez, de la que es fundadora la activista.<\/p>\n\n\n\n<p>La condena contra el agresor de Carmen S\u00e1nchez fue emitida seis d\u00edas despu\u00e9s de la audiencia previa, tal como record\u00f3 la activista el pasado 5 de mayo.<\/p>\n\n\n\n<p>\u201cHace 9 a\u00f1os mi vida cambi\u00f3 para siempre. El hombre con el que hab\u00eda vivido 10 a\u00f1os, intent\u00f3 asesinarme con \u00e1cido. Los da\u00f1os son irreparables: para m\u00ed y para toda mi familia\u201d, record\u00f3 la mujer a trav\u00e9s de Twitter.<\/p>\n\n\n\n<p>La exigencia era clara: que el poder judicial de Edomex juzgara con imparcialidad y perspectiva de g\u00e9nero con base en las pruebas que demuestran la culpabilidad de Efr\u00e9n Garc\u00eda y el riesgo que representa para ella.<\/p>\n\n\n\n<p>Este jueves finalmente termin\u00f3 la batalla legal en medio del temor por parte de Carmen. Y es que la fundaci\u00f3n que preside denunci\u00f3 en redes sociales que la audiencia se llev\u00f3 a cabo a puerta cerrada.<\/p>\n\n\n\n<p>\u201cLa jueza ejerci\u00f3 violencia institucional contra @CarmenAnchez y NO DEJ\u00d3 PASAR A NADIE A LA AUDIENCIA, aunque el principio de publicidad art\u00edculo 20 constitucional establece que el juicio se debe desarrollar de manera p\u00fablica, contradictoria y oral\u201d, se pudo leer en la publicaci\u00f3n.<\/p>\n\n\n\n<p>Despu\u00e9s de que se dict\u00f3 la sentencia, la activista expres\u00f3 su emoci\u00f3n ante el avance en materia de castigo a los ataques con \u00e1cido.<\/p>\n\n\n\n<p>\u201cMe siento muy emocionada pues esta el primera sentencia en M\u00e9xico y Am\u00e9rica Latina. Creo que abrimos las puertas para que las juezas y jueces que vayan a castigar este tipo de violencia tan extrema puedan viendo esta sentencia se sigan basando\u201d, declar\u00f3 en entrevista con Animal Pol\u00edtico.<\/p>\n\n\n\n<p>El agresor de Carmen estaba en prisi\u00f3n preventiva desde mayo de 2021. Fue detenido en Nuevo Le\u00f3n, tras siete a\u00f1os pr\u00f3fugo de la justicia.<\/p>\n\n\n\n<p>LOS ATAQUES<\/p>\n\n\n\n<p>Carmen S\u00e1nchez fund\u00f3 una asociaci\u00f3n civil con su nombre en 2021. Esta organizaci\u00f3n sin fines de lucro tiene contabilizados 28 ataques con \u00e1cido en M\u00e9xico durante las \u00faltimas dos d\u00e9cadas, de las cuales 6 fallecieron por esta causa.<\/p>\n\n\n\n<p>En el 85% de los casos contabilizados por Carmen S\u00e1nchez MX, los autores intelectuales fueron hombres: 5 de ellos eran parejas y 11 de ellos ex parejas sentimentales. Adem\u00e1s, en el 95% no ha habido sentencia, motivo por el cu\u00e1l la sentencia dictada este viernes es hist\u00f3rica.<\/p>\n\n\n\n<p>Los avances en el proceso legal contra los presuntos responsables de ataques con \u00e1cido 4 fueron vinculados a proceso (3 por tentativa de feminicidio, 1 por violencia familiar) y est\u00e1n en espera de sentencia.<\/p>\n\n\n\n<p>Entre los ataques con \u00e1cido que contin\u00faan impunes est\u00e1 el de la saxofonista Mar\u00eda Elena R\u00edos. Su agresor no solo contin\u00faa sin recibir castigo sino que, seg\u00fan asegur\u00f3 la v\u00edctima, sigue ejerciendo violencia en su contra.<\/p>\n\n\n\n<p>El ataque contra Mar\u00eda Elena ocurri\u00f3 el 9 de septiembre del 2019 y se\u00f1ala como los culpables a Juan Antonio Vera Carrizal y a su hijo Juan Vera Hern\u00e1ndez.<\/p>\n\n\n\n<p>(Informaci\u00f3n de Infobae M\u00e9xico)<\/p>\n","protected":false},"excerpt":{"rendered":"<p>Redacci\u00f3n\/Zona Roja Cdmx. Ciudad de M\u00e9xico, a 12 de mayo de 2023.- Carmen S\u00e1nchez fue&hellip;<\/p>\n","protected":false},"author":2,"featured_media":55157,"comment_status":"closed","ping_status":"open","sticky":false,"template":"","format":"standard","meta":{"_lmt_disableupdate":"","_lmt_disable":"","_jetpack_memberships_contains_paid_content":false,"footnotes":""},"categories":[109,46],"tags":[],"class_list":["post-55156","post","type-post","status-publish","format-standard","has-post-thumbnail","hentry","category-minuto-a-minuto","category-zona-blanca"],"jetpack_featured_media_url":"https:\/\/zonaroja.com.mx\/wp-content\/uploads\/2023\/05\/Carmen-Sanchez-ataque-con-acido.jpeg","jetpack_sharing_enabled":true,"_links":{"self":[{"href":"https:\/\/zonaroja.com.mx\/index.php?rest_route=\/wp\/v2\/posts\/55156","targetHints":{"allow":["GET"]}}],"collection":[{"href":"https:\/\/zonaroja.com.mx\/index.php?rest_route=\/wp\/v2\/posts"}],"about":[{"href":"https:\/\/zonaroja.com.mx\/index.php?rest_route=\/wp\/v2\/types\/post"}],"author":[{"embeddable":true,"href":"https:\/\/zonaroja.com.mx\/index.php?rest_route=\/wp\/v2\/users\/2"}],"replies":[{"embeddable":true,"href":"https:\/\/zonaroja.com.mx\/index.php?rest_route=%2Fwp%2Fv2%2Fcomments&post=55156"}],"version-history":[{"count":1,"href":"https:\/\/zonaroja.com.mx\/index.php?rest_route=\/wp\/v2\/posts\/55156\/revisions"}],"predecessor-version":[{"id":55158,"href":"https:\/\/zonaroja.com.mx\/index.php?rest_route=\/wp\/v2\/posts\/55156\/revisions\/55158"}],"wp:featuredmedia":[{"embeddable":true,"href":"https:\/\/zonaroja.com.mx\/index.php?rest_route=\/wp\/v2\/media\/55157"}],"wp:attachment":[{"href":"https:\/\/zonaroja.com.mx\/index.php?rest_route=%2Fwp%2Fv2%2Fmedia&parent=55156"}],"wp:term":[{"taxonomy":"category","embeddable":true,"href":"https:\/\/zonaroja.com.mx\/index.php?rest_route=%2Fwp%2Fv2%2Fcategories&post=55156"},{"taxonomy":"post_tag","embeddable":true,"href":"https:\/\/zonaroja.com.mx\/index.php?rest_route=%2Fwp%2Fv2%2Ftags&post=55156"}],"curies":[{"name":"wp","href":"https:\/\/api.w.org\/{rel}","templated":true}]}}