{"id":55159,"date":"2023-05-12T18:21:46","date_gmt":"2023-05-12T23:21:46","guid":{"rendered":"http:\/\/www.zonaroja.com.mx\/?p=55159"},"modified":"2023-05-12T18:22:54","modified_gmt":"2023-05-12T23:22:54","slug":"viernes-de-terror-en-oaxaca-cinco-ejecutados-uno-de-ellos-descuartizado","status":"publish","type":"post","link":"https:\/\/zonaroja.com.mx\/?p=55159","title":{"rendered":"Viernes de terror en Oaxaca: cinco ejecutados; uno de ellos descuartizado"},"content":{"rendered":"\n<p>Ismael Garc\u00eda M.\/Zona Roja.<\/p>\n\n\n\n<p>Oaxaca de Ju\u00e1rez, Oax., 12 de mayo de 2023.- A una hora de la visita de los aspirantes a candidatos presidenciales por Morena, Claudia Sheinbaum y Marcelo Ebrard, en Oaxaca se registraron cinco ejecuciones, entre ellos el de una mujer.<\/p>\n\n\n\n<p>Esta tarde, habitantes de Santo Domingo Petapa habr\u00edan asesinado a una persona del sexo masculino, de la comunidad de Loma de Santa Cruz, del municipio de San Juan Mazatl\u00e1n Mixe.<\/p>\n\n\n\n<p>Otras versiones se\u00f1alan que son en total tres personas emboscadas y asesinadas, aunque las autoridades estatales no han confirmado el n\u00famero preciso de v\u00edctimas.<\/p>\n\n\n\n<p>Horas antes, en el n\u00famero 208 de la calle Nudo Mixteco de la colonia Volcanes, ciudad de Oaxaca, dos personas fueron halladas sin vida, al parecer ultimadas por disparo de armas de fuego.<\/p>\n\n\n\n<p>Las v\u00edctimas fueron identificadas de manera preliminar como Pedro Rafael \u201cN\u201d y Mar\u00eda, de 40 a\u00f1os de edad; por este \u00faltimo caso, la Fiscal\u00eda General del Estado inici\u00f3 las indagatorias bajo los protocolos de feminicidio.<\/p>\n\n\n\n<figure class=\"wp-block-embed is-type-rich is-provider-twitter wp-block-embed-twitter\"><div class=\"wp-block-embed__wrapper\">\n<div class=\"twitter-tweet\"><blockquote class=\"twitter-tweet\" data-lang=\"es\"><p lang=\"es\" dir=\"ltr\">Fue en la agencia de El Manzano, Cuil\u00e1pam de Guerrero, Oaxaca, en que hallaron el cuerpo de un individuo, descuartizado, con huellas de tortura, y envuelto en bolsas de pl\u00e1stico; hasta el momento la v\u00edctima no ha sido identificada. <a href=\"https:\/\/t.co\/4CcZ6R3oPG\">pic.twitter.com\/4CcZ6R3oPG<\/a><\/p>&mdash; Zona Roja Oaxaca (@ZonaRoja_Oaxaca) <a href=\"https:\/\/twitter.com\/ZonaRoja_Oaxaca\/status\/1657158785029353472?ref_src=twsrc%5Etfw\">12 de mayo de 2023<\/a><\/blockquote><\/div>\n<\/div><\/figure>\n\n\n\n<p>Y poco antes de ello, en un camino de terracer\u00eda de la agencia El Manzano, del municipio de Cuil\u00e1pam de Guerrero, en la zona metropolitana de la capital, fue hallado un cuerpo sin vida, envuelto en bolsas de pl\u00e1stico.<\/p>\n\n\n\n<p>Se presume que tiene varios disparos de arma de fuego, huellas de tortura y habr\u00eda sido descuartizado; a un lado se hall\u00f3 un probable \u201cnarcomensaje\u201d y la v\u00edctima a\u00fan no ha sido identificada.<\/p>\n\n\n\n<p>Y horas antes, en un rancho del paraje \u201cLa Cieneguita\u201d, de Tlalixtac de Cabrera, municipio de la regi\u00f3n Valles Centrales, fue asesinado el velador, para robar al menos tres caballos pura sangre, con un valor aproximado de tres millones de pesos.<\/p>\n\n\n\n<p>La v\u00edctima presenta lesiones producidas por arma blanca y fue identificada por sus familiares como Amando S. H., de 52 a\u00f1os de edad, y el rancho es propiedad de un ingeniero de nombre S. V. P., al parecer constructor.&nbsp;<\/p>\n\n\n\n<figure class=\"wp-block-embed is-type-rich is-provider-twitter wp-block-embed-twitter\"><div class=\"wp-block-embed__wrapper\">\n<div class=\"twitter-tweet\"><blockquote class=\"twitter-tweet\" data-lang=\"es\"><p lang=\"es\" dir=\"ltr\"><a href=\"https:\/\/twitter.com\/hashtag\/%C3%9AltimoMinuto?src=hash&amp;ref_src=twsrc%5Etfw\">#\u00daltimoMinuto<\/a><br>Como Rafael \u201cN\u201d y Mar\u00eda \u201cN\u201d fueron identificadas las personas asesinadas este viernes en un domicilio particular ubicado en la colonia Volcanes de la ciudad de Oaxaca. <a href=\"https:\/\/t.co\/773aXs2LhZ\">pic.twitter.com\/773aXs2LhZ<\/a><\/p>&mdash; Zona Roja Oaxaca (@ZonaRoja_Oaxaca) <a href=\"https:\/\/twitter.com\/ZonaRoja_Oaxaca\/status\/1657139485723840512?ref_src=twsrc%5Etfw\">12 de mayo de 2023<\/a><\/blockquote><\/div>\n<\/div><\/figure>\n","protected":false},"excerpt":{"rendered":"<p>Ismael Garc\u00eda M.\/Zona Roja. Oaxaca de Ju\u00e1rez, Oax., 12 de mayo de 2023.- A una&hellip;<\/p>\n","protected":false},"author":2,"featured_media":55161,"comment_status":"closed","ping_status":"open","sticky":false,"template":"","format":"standard","meta":{"_lmt_disableupdate":"","_lmt_disable":"","_jetpack_memberships_contains_paid_content":false,"footnotes":""},"categories":[109,51],"tags":[964],"class_list":["post-55159","post","type-post","status-publish","format-standard","has-post-thumbnail","hentry","category-minuto-a-minuto","category-zona-roja","tag-violencia-oaxaca"],"jetpack_featured_media_url":"https:\/\/zonaroja.com.mx\/wp-content\/uploads\/2023\/05\/Doble-homicidio-colonia-Volcanes-ciudad-de-Oaxaca.jpg","jetpack_sharing_enabled":true,"_links":{"self":[{"href":"https:\/\/zonaroja.com.mx\/index.php?rest_route=\/wp\/v2\/posts\/55159","targetHints":{"allow":["GET"]}}],"collection":[{"href":"https:\/\/zonaroja.com.mx\/index.php?rest_route=\/wp\/v2\/posts"}],"about":[{"href":"https:\/\/zonaroja.com.mx\/index.php?rest_route=\/wp\/v2\/types\/post"}],"author":[{"embeddable":true,"href":"https:\/\/zonaroja.com.mx\/index.php?rest_route=\/wp\/v2\/users\/2"}],"replies":[{"embeddable":true,"href":"https:\/\/zonaroja.com.mx\/index.php?rest_route=%2Fwp%2Fv2%2Fcomments&post=55159"}],"version-history":[{"count":2,"href":"https:\/\/zonaroja.com.mx\/index.php?rest_route=\/wp\/v2\/posts\/55159\/revisions"}],"predecessor-version":[{"id":55163,"href":"https:\/\/zonaroja.com.mx\/index.php?rest_route=\/wp\/v2\/posts\/55159\/revisions\/55163"}],"wp:featuredmedia":[{"embeddable":true,"href":"https:\/\/zonaroja.com.mx\/index.php?rest_route=\/wp\/v2\/media\/55161"}],"wp:attachment":[{"href":"https:\/\/zonaroja.com.mx\/index.php?rest_route=%2Fwp%2Fv2%2Fmedia&parent=55159"}],"wp:term":[{"taxonomy":"category","embeddable":true,"href":"https:\/\/zonaroja.com.mx\/index.php?rest_route=%2Fwp%2Fv2%2Fcategories&post=55159"},{"taxonomy":"post_tag","embeddable":true,"href":"https:\/\/zonaroja.com.mx\/index.php?rest_route=%2Fwp%2Fv2%2Ftags&post=55159"}],"curies":[{"name":"wp","href":"https:\/\/api.w.org\/{rel}","templated":true}]}}