{"id":55164,"date":"2023-05-12T18:52:24","date_gmt":"2023-05-12T23:52:24","guid":{"rendered":"http:\/\/www.zonaroja.com.mx\/?p=55164"},"modified":"2023-05-12T18:52:25","modified_gmt":"2023-05-12T23:52:25","slug":"huye-y-se-burla-donato-vargas-de-acusaciones-en-su-contra-por-violencia-y-chats-xxx","status":"publish","type":"post","link":"https:\/\/zonaroja.com.mx\/?p=55164","title":{"rendered":"Huye y se burla Donato Vargas de acusaciones en su contra por violencia y chats XXX"},"content":{"rendered":"\n<p>Yuridiana Sosa\/Zona Roja.<\/p>\n\n\n\n<p>Oaxaca de Ju\u00e1rez, Oax., a 12 de mayo de 2023.- Entre risas y casi a carcajada, el funcionario de Oaxaca, Donato Vargas Jim\u00e9nez, respondi\u00f3 a las denuncias en su contra por violencia familiar y digital interpuestas en la Fiscal\u00eda General del Estado por su ex pareja, de lo cual dijo desconocer.<\/p>\n\n\n\n<p>Las escuetas declaraciones del Coordinador de Atenci\u00f3n Regional y Delegados de Paz de la Secretar\u00eda de Gobierno se originaron durante su huida de una protesta de mujeres frente a la Fiscal\u00eda Especializada para la Atenci\u00f3n a Delitos contra la Mujer por Raz\u00f3n de G\u00e9nero en la calle de Armenta y L\u00f3pez, en la capital oaxaque\u00f1a.<\/p>\n\n\n\n<p>Sin forma de intermediar, el funcionario evadi\u00f3 como pudo la manifestaci\u00f3n de la que se tambi\u00e9n se llev\u00f3 el despreci\u00f3 de las mujeres que le gritaron \u201c\u00a1Donato tiene miedo, Donato tiene miedo!, \u00a1No corras Donato!\u201d.<\/p>\n\n\n\n<p>NO S\u00c9 DE QU\u00c9 HABLAN<\/p>\n\n\n\n<p>Medios de comunicaci\u00f3n presentes en la protesta interceptaron a Vargas Jim\u00e9nez, quien no se detuvo y con el pretexto de sostener una llamada trat\u00f3 de evadir los cuestionamientos de la prensa sobre las denuncias de violencia contra las mujeres que le se\u00f1alan.<\/p>\n\n\n\n<p>Entre risas y a prisa logr\u00f3 responder, \u201cNo s\u00e9 de qu\u00e9 me est\u00e1n hablando\u201d, \u201cNo s\u00e9 qu\u00e9 denuncias est\u00e1n realizando\u2026desconozco\u201d.<\/p>\n\n\n\n<figure class=\"wp-block-embed is-type-rich is-provider-twitter wp-block-embed-twitter\"><div class=\"wp-block-embed__wrapper\">\n<div class=\"twitter-tweet\"><blockquote class=\"twitter-tweet\" data-lang=\"es\"><p lang=\"es\" dir=\"ltr\">Y el funcionario del <a href=\"https:\/\/twitter.com\/GobOax?ref_src=twsrc%5Etfw\">@goboax<\/a>, Donato Vargas, denunciado ante la <a href=\"https:\/\/twitter.com\/FISCALIA_GobOax?ref_src=twsrc%5Etfw\">@FISCALIA_GobOax<\/a> por violencia digital y familiar contra su ex pareja, aparece en protesta de mujeres en la capital, pero huye de la prensa y se refugia en oficinas del IMSS en la calle Armenta y L\u00f3pez. <a href=\"https:\/\/t.co\/nxoOijVEXV\">pic.twitter.com\/nxoOijVEXV<\/a><\/p>&mdash; Zona Roja Oaxaca (@ZonaRoja_Oaxaca) <a href=\"https:\/\/twitter.com\/ZonaRoja_Oaxaca\/status\/1657090660384772099?ref_src=twsrc%5Etfw\">12 de mayo de 2023<\/a><\/blockquote><\/div>\n<\/div><\/figure>\n\n\n\n<p>Al precisar sobre las denuncias p\u00fablicas y penales que ha realizado su ex pareja por violentador, el funcionario tambi\u00e9n neg\u00f3 tener una ex pareja, y hasta solt\u00f3 una carcajada al cuestionamiento de su participaci\u00f3n en un chat donde se comparte material \u00edntimo de mujeres oaxaque\u00f1as y mis\u00f3gino.<\/p>\n\n\n\n<p>Para evadir a la prensa Donato Vargas se refugi\u00f3 en las oficinas del Instituto Mexicano del Seguro Social (IMSS), ubicadas en la misma calle de Armenta y L\u00f3pez, a pocos metros de la protesta.<\/p>\n\n\n\n<p>Luego de sostener que no sab\u00eda de lo que le hablaba la prensa y de evadir los planteamientos de exigencias para su renuncia, Vargas Jim\u00e9nez dej\u00f3 de atender a los medios de comunicaci\u00f3n mientras hac\u00eda fila para su supuesto tr\u00e1mite.<\/p>\n\n\n\n<p>LA PROTESTA<\/p>\n\n\n\n<p>Momentos antes, integrantes del Colectivo Violencia por ser Mujer se encadenaron en la Fiscal\u00eda Especializada de Atenci\u00f3n a la Mujer luego de su manifestaci\u00f3n frente a Palacio de Gobierno para denunciar omisiones en las atenciones de los casos agresiones y exigir audiencia con el gobernador Salom\u00f3n Jara y el fiscal general, Bernardo Rodr\u00edguez Alamilla.<\/p>\n\n\n\n<p>A temprana hora, las mujeres llegaron al z\u00f3calo para quejarse de la incapacidad de los servidores p\u00fablicos, tanto en la Secretar\u00eda de Gobierno como en la Fiscal\u00eda General de Oaxaca, en las que los funcionarios no saben c\u00f3mo atender los casos de violencia contra las mujeres.<\/p>\n\n\n\n<p>Por tal motivo exigieron un di\u00e1logo directo con Jara Cruz y con Rodr\u00edguez Alamilla, a quienes les plantear\u00e1n varios casos en los que persiste la injusticia, iniciando con los err\u00f3neos procesos de denuncias.<\/p>\n\n\n\n<p>Minutos despu\u00e9s el Colectivo se dirigi\u00f3 en marcha a las instalaciones de la Fiscal\u00eda Especializada de Atenci\u00f3n a la Mujer, en la calle de Armenta y L\u00f3pez, en la que realizaron un breve bloqueo y despu\u00e9s se encadenaron a los barrotes exteriores de la oficina.\u00a0<\/p>\n\n\n\n<figure class=\"wp-block-embed is-type-rich is-provider-twitter wp-block-embed-twitter\"><div class=\"wp-block-embed__wrapper\">\n<div class=\"twitter-tweet\"><blockquote class=\"twitter-tweet\" data-lang=\"es\"><p lang=\"es\" dir=\"ltr\"><a href=\"https:\/\/twitter.com\/hashtag\/%C3%9AltimoMinuto?src=hash&amp;ref_src=twsrc%5Etfw\">#\u00daltimoMinuto<\/a><br>Integrantes del colectivo \u201cViolencia por ser Mujer\u201d, denuncian imparable ola de feminicidios en Oaxaca.<br>Acusan que en mesas de trabajo, la <a href=\"https:\/\/twitter.com\/SEGO_Oax?ref_src=twsrc%5Etfw\">@SEGO_Oax<\/a> pone a funcionarios incompetentes.<br>Protestan en la Fiscal\u00eda Especializada de Atenci\u00f3n a la Mujer, en la capital. <a href=\"https:\/\/t.co\/Byia9gc6NC\">pic.twitter.com\/Byia9gc6NC<\/a><\/p>&mdash; Zona Roja Oaxaca (@ZonaRoja_Oaxaca) <a href=\"https:\/\/twitter.com\/ZonaRoja_Oaxaca\/status\/1657044823113625602?ref_src=twsrc%5Etfw\">12 de mayo de 2023<\/a><\/blockquote><\/div>\n<\/div><\/figure>\n","protected":false},"excerpt":{"rendered":"<p>Yuridiana Sosa\/Zona Roja. Oaxaca de Ju\u00e1rez, Oax., a 12 de mayo de 2023.- Entre risas&hellip;<\/p>\n","protected":false},"author":2,"featured_media":55160,"comment_status":"closed","ping_status":"open","sticky":false,"template":"","format":"standard","meta":{"_lmt_disableupdate":"","_lmt_disable":"","_jetpack_memberships_contains_paid_content":false,"footnotes":""},"categories":[109,47],"tags":[3502],"class_list":["post-55164","post","type-post","status-publish","format-standard","has-post-thumbnail","hentry","category-minuto-a-minuto","category-zona-gris","tag-donato-vargas-jimenez"],"jetpack_featured_media_url":"https:\/\/zonaroja.com.mx\/wp-content\/uploads\/2023\/05\/Donato-Vargas-.jpg","jetpack_sharing_enabled":true,"_links":{"self":[{"href":"https:\/\/zonaroja.com.mx\/index.php?rest_route=\/wp\/v2\/posts\/55164","targetHints":{"allow":["GET"]}}],"collection":[{"href":"https:\/\/zonaroja.com.mx\/index.php?rest_route=\/wp\/v2\/posts"}],"about":[{"href":"https:\/\/zonaroja.com.mx\/index.php?rest_route=\/wp\/v2\/types\/post"}],"author":[{"embeddable":true,"href":"https:\/\/zonaroja.com.mx\/index.php?rest_route=\/wp\/v2\/users\/2"}],"replies":[{"embeddable":true,"href":"https:\/\/zonaroja.com.mx\/index.php?rest_route=%2Fwp%2Fv2%2Fcomments&post=55164"}],"version-history":[{"count":1,"href":"https:\/\/zonaroja.com.mx\/index.php?rest_route=\/wp\/v2\/posts\/55164\/revisions"}],"predecessor-version":[{"id":55165,"href":"https:\/\/zonaroja.com.mx\/index.php?rest_route=\/wp\/v2\/posts\/55164\/revisions\/55165"}],"wp:featuredmedia":[{"embeddable":true,"href":"https:\/\/zonaroja.com.mx\/index.php?rest_route=\/wp\/v2\/media\/55160"}],"wp:attachment":[{"href":"https:\/\/zonaroja.com.mx\/index.php?rest_route=%2Fwp%2Fv2%2Fmedia&parent=55164"}],"wp:term":[{"taxonomy":"category","embeddable":true,"href":"https:\/\/zonaroja.com.mx\/index.php?rest_route=%2Fwp%2Fv2%2Fcategories&post=55164"},{"taxonomy":"post_tag","embeddable":true,"href":"https:\/\/zonaroja.com.mx\/index.php?rest_route=%2Fwp%2Fv2%2Ftags&post=55164"}],"curies":[{"name":"wp","href":"https:\/\/api.w.org\/{rel}","templated":true}]}}