{"id":55175,"date":"2023-05-13T07:56:36","date_gmt":"2023-05-13T12:56:36","guid":{"rendered":"http:\/\/www.zonaroja.com.mx\/?p=55175"},"modified":"2023-05-13T07:56:38","modified_gmt":"2023-05-13T12:56:38","slug":"gobierno-de-santa-lucia-del-camino-suspende-una-vulcanizadora-por-hechos-de-violencia","status":"publish","type":"post","link":"https:\/\/zonaroja.com.mx\/?p=55175","title":{"rendered":"Gobierno de Santa Luc\u00eda del Camino suspende una vulcanizadora por hechos de violencia"},"content":{"rendered":"\n<p>Redacci\u00f3n\/Zona Roja.<\/p>\n\n\n\n<p>Oaxaca de Ju\u00e1rez, Oax., a 13 de mayo de 2023.- El ayuntamiento de Santa Luc\u00eda del Camino, a trav\u00e9s de la Direcci\u00f3n de Gobierno Municipal, instruy\u00f3 a su cuerpo de inspectores, con apoyo de elementos de la Direcci\u00f3n de Seguridad P\u00fablica, colocar sellos de suspensi\u00f3n de trabajos y servicios a la vulcanizadora \u201c3Hnos\u201d, donde sus propietarios estuvieron involucrados en una ri\u00f1a, en que una persona sali\u00f3 lesionada; los hechos en la colonia Jos\u00e9 L\u00f3pez Portillo.<\/p>\n\n\n\n<p>El pasado 10 de mayo, a trav\u00e9s de las c\u00e1maras de videovigilancia del Centro de Control y Comando (C2) visualizaron una ri\u00f1a sobre avenida L\u00e1zaro C\u00e1rdenas, entre varios sujetos; as\u00ed como un masculino derribado sobre la carretera, el cual estaba siendo agredido f\u00edsicamente. Por lo que elementos de seguridad municipal acudieron atender la emergencia.<\/p>\n\n\n\n<p>As\u00ed, elementos de la polic\u00eda municipal junto a param\u00e9dicos atendieron a la persona agredida de nombre \u00d3scar, de 54 a\u00f1os, el cual fue trasladado en c\u00f3digo amarillo a una cl\u00ednica particular, ya que fue agredido con un objeto contundente (tubo) en la cabeza entre siete u ocho personas alcoholizadas, los cuales, posteriormente ingresaron a sus domicilios.&nbsp;<\/p>\n\n\n\n<p>Testigos manifestaron que la ri\u00f1a se deriv\u00f3 porque el propietario del taller se molest\u00f3 con el lesionado, ya que hab\u00eda estacionado su camioneta a la altura de la vulcanizadora.<\/p>\n\n\n\n<p>Ante ello, inspectores de la Direcci\u00f3n de Gobierno y polic\u00edas municipales colocaron sellos de suspensi\u00f3n de trabajos y servicios a la vulcanizadora \u201c3Hnos\u201d por estar inmiscuidos en una ri\u00f1a con lesionados; estar tomando en la v\u00eda p\u00fablica, alterar el orden, la paz y la buena convivencia entre vecinos. As\u00ed mismo detuvieron a dos personas por estar bebiendo en la v\u00eda p\u00fablica cuando se les fue a notificar.<\/p>\n\n\n\n<p>El edil de Santa Lucia del Camino, Juan Carlos Garc\u00eda M\u00e1rquez, indic\u00f3 que no se tolerar\u00e1 ning\u00fan acto violento que trasgreda la tranquilidad de las y los ciudadanos; haciendo cumplir las normas y leyes que protejan a las familias y velando por la seguridad a trav\u00e9s de los n\u00fameros de emergencias y el sistema de videovigilancia del C2.<\/p>\n","protected":false},"excerpt":{"rendered":"<p>Redacci\u00f3n\/Zona Roja. Oaxaca de Ju\u00e1rez, Oax., a 13 de mayo de 2023.- El ayuntamiento de&hellip;<\/p>\n","protected":false},"author":2,"featured_media":55179,"comment_status":"closed","ping_status":"open","sticky":false,"template":"","format":"standard","meta":{"_lmt_disableupdate":"","_lmt_disable":"","_jetpack_memberships_contains_paid_content":false,"footnotes":""},"categories":[109,46],"tags":[337],"class_list":["post-55175","post","type-post","status-publish","format-standard","has-post-thumbnail","hentry","category-minuto-a-minuto","category-zona-blanca","tag-santa-lucia-del-camino"],"jetpack_featured_media_url":"https:\/\/zonaroja.com.mx\/wp-content\/uploads\/2023\/05\/Clausura-Santa-Lucia.jpg","jetpack_sharing_enabled":true,"_links":{"self":[{"href":"https:\/\/zonaroja.com.mx\/index.php?rest_route=\/wp\/v2\/posts\/55175","targetHints":{"allow":["GET"]}}],"collection":[{"href":"https:\/\/zonaroja.com.mx\/index.php?rest_route=\/wp\/v2\/posts"}],"about":[{"href":"https:\/\/zonaroja.com.mx\/index.php?rest_route=\/wp\/v2\/types\/post"}],"author":[{"embeddable":true,"href":"https:\/\/zonaroja.com.mx\/index.php?rest_route=\/wp\/v2\/users\/2"}],"replies":[{"embeddable":true,"href":"https:\/\/zonaroja.com.mx\/index.php?rest_route=%2Fwp%2Fv2%2Fcomments&post=55175"}],"version-history":[{"count":1,"href":"https:\/\/zonaroja.com.mx\/index.php?rest_route=\/wp\/v2\/posts\/55175\/revisions"}],"predecessor-version":[{"id":55180,"href":"https:\/\/zonaroja.com.mx\/index.php?rest_route=\/wp\/v2\/posts\/55175\/revisions\/55180"}],"wp:featuredmedia":[{"embeddable":true,"href":"https:\/\/zonaroja.com.mx\/index.php?rest_route=\/wp\/v2\/media\/55179"}],"wp:attachment":[{"href":"https:\/\/zonaroja.com.mx\/index.php?rest_route=%2Fwp%2Fv2%2Fmedia&parent=55175"}],"wp:term":[{"taxonomy":"category","embeddable":true,"href":"https:\/\/zonaroja.com.mx\/index.php?rest_route=%2Fwp%2Fv2%2Fcategories&post=55175"},{"taxonomy":"post_tag","embeddable":true,"href":"https:\/\/zonaroja.com.mx\/index.php?rest_route=%2Fwp%2Fv2%2Ftags&post=55175"}],"curies":[{"name":"wp","href":"https:\/\/api.w.org\/{rel}","templated":true}]}}