{"id":5518,"date":"2019-11-07T16:41:51","date_gmt":"2019-11-07T22:41:51","guid":{"rendered":"http:\/\/www.zonaroja.com.mx\/?p=5518"},"modified":"2019-11-07T16:41:53","modified_gmt":"2019-11-07T22:41:53","slug":"vicepresidente-del-senado-reitera-que-renuncie-el-fiscal-de-oaxaca","status":"publish","type":"post","link":"https:\/\/zonaroja.com.mx\/?p=5518","title":{"rendered":"Vicepresidente del Senado reitera: que renuncie el fiscal de Oaxaca"},"content":{"rendered":"\n<p>Redacci\u00f3n\/Zona Roja.<\/p>\n\n\n\n<p>Oaxaca de Ju\u00e1rez, Oax., 7 de noviembre\nde 2019.- El Vicepresidente del Senado de la Rep\u00fablica, Salom\u00f3n Jara Cruz,\nacompa\u00f1ado por la diputada federal Irma Juan Carlos, reiter\u00f3 su exigencia de\nrenuncia de Rub\u00e9n Vasconcelos M\u00e9ndez al frente de la Fiscal\u00eda General del\nEstado de Oaxaca.<\/p>\n\n\n\n<p>En conferencia de prensa en la ciudad\nde M\u00e9xico, lo se\u00f1al\u00f3 de sembrar pruebas para inculpar al presidente municipal\nde Jalapa de D\u00edaz, Arturo Garc\u00eda Vel\u00e1squez, por posesi\u00f3n de armas y\ndesaparici\u00f3n de personas, quien fue aprehendido el 24 de octubre pasado y\nposteriormente liberado.<\/p>\n\n\n\n<p>\u201cQueremos exigirle al fiscal que\nrenuncie a su cargo por incapacidad, por querer inventar y por estar cometiendo\neste tipo de delitos que no son correctos\u201d, dijo el senador, a la par que record\u00f3\nque ha presentado al interior del Senado exhortos para solicitar a la Fiscal\u00eda\nGeneral de la Rep\u00fablica que atraiga casos que en Oaxaca no se han podido\nresolver.<\/p>\n\n\n\n<p>Jara Cruz manifest\u00f3 que \u201ces terrible\u201d\nque hoy en d\u00eda se tengan que sembrar delitos para inculpar a inocentes en una\nclara persecuci\u00f3n pol\u00edtica que realiza la Fiscal\u00eda, a la par que detall\u00f3 fueron\nlas y los legisladores quienes tuvieron que demostrar que la dependencia y su\ntitular actuaron de mala manera y recurrieron a pr\u00e1cticas de reg\u00edmenes autoritarios.<\/p>\n\n\n\n<p>\u201cTuvimos que demostrar su inocencia,\ndemostramos que todo se realiz\u00f3 de manera sembrada por la Fiscal\u00eda General del\nEstado, enga\u00f1ando al p\u00fablico y a la sociedad oaxaque\u00f1a\u201d, indic\u00f3.<\/p>\n\n\n\n<p>Por lo anterior insisti\u00f3 en la renuncia del funcionario encargado de la procuraci\u00f3n de justicia en el estado, as\u00ed como del coordinador de la Agencia Estatal de Investigaciones, Jos\u00e9 Alfredo \u00c1lvarez, quienes dijo han actuado conforme a consignas de car\u00e1cter pol\u00edtico. <\/p>\n\n\n\n<figure class=\"wp-block-embed-twitter wp-block-embed is-type-rich is-provider-twitter\"><div class=\"wp-block-embed__wrapper\">\n<div class=\"twitter-tweet\"><blockquote class=\"twitter-tweet\" data-lang=\"es\"><p lang=\"es\" dir=\"ltr\">(1) De nueva cuenta, el senador <a href=\"https:\/\/twitter.com\/salomonj?ref_src=twsrc%5Etfw\">@salomonj<\/a> conden\u00f3 la detenci\u00f3n arbitraria del edil de Jalapa de D\u00edaz, Arturo Garc\u00eda Vel\u00e1squez, por parte de la <a href=\"https:\/\/twitter.com\/FISCALIA_GobOax?ref_src=twsrc%5Etfw\">@FISCALIA_GobOax<\/a> <a href=\"https:\/\/twitter.com\/AEI_Oaxaca?ref_src=twsrc%5Etfw\">@AEI_Oaxaca<\/a>, quienes, asegur\u00f3, sembraron evidencias para incriminar al edil. <a href=\"https:\/\/t.co\/tKi3nHDjfB\">pic.twitter.com\/tKi3nHDjfB<\/a><\/p>&mdash; Zona Roja Oaxaca (@MexRoja) <a href=\"https:\/\/twitter.com\/MexRoja\/status\/1192261992096157696?ref_src=twsrc%5Etfw\">7 de noviembre de 2019<\/a><\/blockquote><\/div>\n<\/div><\/figure>\n\n\n\n<p>LAMENTABLE SITUACI\u00d3N<\/p>\n\n\n\n<p>Al llamado se uni\u00f3 la diputada federal,\nIrma Juan Carlos, quien lament\u00f3 la situaci\u00f3n que se vive en Oaxaca en materia\nde justicia, ya que dijo en ning\u00fan momento se respet\u00f3 la presunci\u00f3n de\ninocencia del edil detenido y por el contrario el fiscal anunci\u00f3 a los cuatro\nvientos su captura. <\/p>\n\n\n\n<p>As\u00ed mismo, cuestion\u00f3 la celeridad de\nprocesos a conveniencia, ya qu\u00e9 hay otros casos denunciados como los asesinatos\nde militantes y candidatos de Morena, cuyas carpetas de investigaci\u00f3n no\nregistran ning\u00fan tipo de avance hasta el momento. <\/p>\n\n\n\n<p>\u201cEs grave, porque si le sucede a un\npresidente municipal, qu\u00e9 no le puede pasar a un ciudadano com\u00fan. Est\u00e1 claro\nqu\u00e9 hay una persecuci\u00f3n pol\u00edtica hacia ediles emanados del partido Morena,\nutilizando para ello el recurso p\u00fablico\u201d, asegur\u00f3.<\/p>\n\n\n\n<p>En la conferencia de prensa estuvo\npresente el edil de Jalapa de D\u00edaz, Arturo Garc\u00eda Vel\u00e1squez, quien se dijo\nperseguido y preso pol\u00edtico por lo que solicit\u00f3 el derecho de r\u00e9plica de los\nmedios que dieron a conocer su detenci\u00f3n, como un logro de la Fiscal\u00eda General\ndel Estado.<\/p>\n\n\n\n<p>\u201cMi pecado fue exigir mejores\ncondiciones para la gente de mi municipio, exig\u00ed la conclusi\u00f3n de un hospital\nque lleva 12 a\u00f1os en el olvido, en un municipio que ha sido foco rojo pasando a\nla historia como la localidad en donde una mujer ind\u00edgena mazateca dio a luz en\nel c\u00e9sped del patio de la cl\u00ednica, imagen que dio la vuelta al mundo\u201d, se\u00f1al\u00f3.<\/p>\n\n\n\n<p>Finalmente, Garc\u00eda Vel\u00e1squez solicit\u00f3 la protecci\u00f3n de las autoridades federales, para \u00e9l y su familia, ya que en estos momentos no se siente seguro para ejercer el cargo en la localidad, pese a que ya cuenta con su acreditaci\u00f3n oficial, luego de hacer el tr\u00e1mite por segunda vez. <\/p>\n\n\n\n<figure class=\"wp-block-embed-twitter wp-block-embed is-type-rich is-provider-twitter\"><div class=\"wp-block-embed__wrapper\">\n<div class=\"twitter-tweet\"><blockquote class=\"twitter-tweet\" data-lang=\"es\"><p lang=\"es\" dir=\"ltr\">(2) Por ello, en conferencia de prensa, el vicepresidente del <a href=\"https:\/\/twitter.com\/senadomexicano?ref_src=twsrc%5Etfw\">@senadomexicano<\/a>, <a href=\"https:\/\/twitter.com\/salomonj?ref_src=twsrc%5Etfw\">@salomonj<\/a>, exigi\u00f3 al titular de la <a href=\"https:\/\/twitter.com\/FISCALIA_GobOax?ref_src=twsrc%5Etfw\">@FISCALIA_GobOax<\/a>, <a href=\"https:\/\/twitter.com\/RVasconcelosM?ref_src=twsrc%5Etfw\">@RVasconcelosM<\/a>, que renuncie al cargo, \u201cpor incapacidad, por querer inventar\u201d delitos, adem\u00e1s de mantener impunes otros homicidios pol\u00edticos. <a href=\"https:\/\/t.co\/V9TXPWFNIX\">pic.twitter.com\/V9TXPWFNIX<\/a><\/p>&mdash; Zona Roja Oaxaca (@MexRoja) <a href=\"https:\/\/twitter.com\/MexRoja\/status\/1192264577897127936?ref_src=twsrc%5Etfw\">7 de noviembre de 2019<\/a><\/blockquote><\/div>\n<\/div><\/figure>\n","protected":false},"excerpt":{"rendered":"<p>Redacci\u00f3n\/Zona Roja. Oaxaca de Ju\u00e1rez, Oax., 7 de noviembre de 2019.- El Vicepresidente del Senado&hellip;<\/p>\n","protected":false},"author":2,"featured_media":5519,"comment_status":"closed","ping_status":"open","sticky":false,"template":"","format":"standard","meta":{"_lmt_disableupdate":"","_lmt_disable":"","_jetpack_memberships_contains_paid_content":false,"footnotes":""},"categories":[109,47],"tags":[930,939,580],"class_list":["post-5518","post","type-post","status-publish","format-standard","has-post-thumbnail","hentry","category-minuto-a-minuto","category-zona-gris","tag-arturo-garcia-velasquez","tag-salomon-jara-cruz","tag-san-felipe-jalapa-de-diaz"],"jetpack_featured_media_url":"https:\/\/zonaroja.com.mx\/wp-content\/uploads\/2019\/11\/Image-1-6.jpg","jetpack_sharing_enabled":true,"_links":{"self":[{"href":"https:\/\/zonaroja.com.mx\/index.php?rest_route=\/wp\/v2\/posts\/5518","targetHints":{"allow":["GET"]}}],"collection":[{"href":"https:\/\/zonaroja.com.mx\/index.php?rest_route=\/wp\/v2\/posts"}],"about":[{"href":"https:\/\/zonaroja.com.mx\/index.php?rest_route=\/wp\/v2\/types\/post"}],"author":[{"embeddable":true,"href":"https:\/\/zonaroja.com.mx\/index.php?rest_route=\/wp\/v2\/users\/2"}],"replies":[{"embeddable":true,"href":"https:\/\/zonaroja.com.mx\/index.php?rest_route=%2Fwp%2Fv2%2Fcomments&post=5518"}],"version-history":[{"count":1,"href":"https:\/\/zonaroja.com.mx\/index.php?rest_route=\/wp\/v2\/posts\/5518\/revisions"}],"predecessor-version":[{"id":5520,"href":"https:\/\/zonaroja.com.mx\/index.php?rest_route=\/wp\/v2\/posts\/5518\/revisions\/5520"}],"wp:featuredmedia":[{"embeddable":true,"href":"https:\/\/zonaroja.com.mx\/index.php?rest_route=\/wp\/v2\/media\/5519"}],"wp:attachment":[{"href":"https:\/\/zonaroja.com.mx\/index.php?rest_route=%2Fwp%2Fv2%2Fmedia&parent=5518"}],"wp:term":[{"taxonomy":"category","embeddable":true,"href":"https:\/\/zonaroja.com.mx\/index.php?rest_route=%2Fwp%2Fv2%2Fcategories&post=5518"},{"taxonomy":"post_tag","embeddable":true,"href":"https:\/\/zonaroja.com.mx\/index.php?rest_route=%2Fwp%2Fv2%2Ftags&post=5518"}],"curies":[{"name":"wp","href":"https:\/\/api.w.org\/{rel}","templated":true}]}}