{"id":55181,"date":"2023-05-13T12:00:00","date_gmt":"2023-05-13T17:00:00","guid":{"rendered":"http:\/\/www.zonaroja.com.mx\/?p=55181"},"modified":"2023-05-13T08:03:19","modified_gmt":"2023-05-13T13:03:19","slug":"realiza-el-pri-oaxaca-festejo-para-las-madres-oaxaquenas","status":"publish","type":"post","link":"https:\/\/zonaroja.com.mx\/?p=55181","title":{"rendered":"Realiza el PRI Oaxaca festejo para las madres oaxaque\u00f1as"},"content":{"rendered":"\n<p>Redacci\u00f3n\/Zona Roja.<\/p>\n\n\n\n<p>Oaxaca de Ju\u00e1rez, Oax., 13 de mayo de 2023.- Con una tarde llena de sorpresas, m\u00fasica y regalos, el Comit\u00e9 Directivo Estatal del PRI festej\u00f3 a las madres oaxaque\u00f1as en el marco de su d\u00eda, en un reconocimiento a la labor que desarrollan tanto en los hogares como en la vida productiva.&nbsp;<\/p>\n\n\n\n<p>Cientos de mujeres de diversas partes de la ciudad y municipios conurbados, sin distingos de ning\u00fan tipo, se dieron cita en la sede del PRI estatal, para convivir y pasar un rato ameno acompa\u00f1adas de sus hijas e hijos.<\/p>\n\n\n\n<p>En este ambiente de fiesta, el presidente del CDE, Javier Villaca\u00f1a Jim\u00e9nez -quien estuvo acompa\u00f1ado por su esposa Ver\u00f3nica Quevedo- expres\u00f3 su felicitaci\u00f3n, respeto y gratitud por la diaria labor que realizan en el seno familiar, que es donde aprendemos los valores que nos forjan como seres humanos, no cabe duda -agreg\u00f3- que lo que somos cada uno de nosotros, es gracias a ellas.<\/p>\n\n\n\n<p>En este marco, la secretaria general Lizbeth Concha Ojeda, reconoci\u00f3 que el trabajo de las madres se duplica cuando tienen que salir a buscar el sustento familiar, realizando una doble jornada que merece un doble agradecimiento.<\/p>\n\n\n\n<p>\u201cPor eso no podemos dejarlas solas; como partido nos estamos preparando para regresar por la senda del triunfo y desde los puestos de decisi\u00f3n, brindarles herramientas para mejorar su calidad de vida\u201d, precis\u00f3.<\/p>\n\n\n\n<p>El auditorio \u201cLuis Donaldo Colosio Murrieta\u201d se visti\u00f3 de alegr\u00eda y fiesta, con la presentaci\u00f3n del grupo \u201cMusical\u00edsimo Santa Luc\u00eda\u201d, que interpret\u00f3 canciones de gran arraigo en la entidad; el show del payaso \u201cPinky sin Cerebro\u201d y la rifa de obsequios que fueron donados por integrantes del partido y disfrutados por las mam\u00e1s pri\u00edstas en el marco de su celebraci\u00f3n.<\/p>\n\n\n\n<figure class=\"wp-block-embed\"><div class=\"wp-block-embed__wrapper\">\n<div class=\"twitter-tweet\"><blockquote class=\"twitter-tweet\" data-lang=\"es\"><p lang=\"es\" dir=\"ltr\">\u00a1Nuestra casa est\u00e1 llena! Cientos de oaxaque\u00f1as festejan junto a nosotros el D\u00eda de las Madres. \u00a1Estamos felices de celebrarlas como se merecen! <a href=\"https:\/\/t.co\/pijxg82Rvn\">pic.twitter.com\/pijxg82Rvn<\/a><\/p>&mdash; PRI Oaxaca (@PRIOaxaca_) <a href=\"https:\/\/twitter.com\/PRIOaxaca_\/status\/1657168730994950144?ref_src=twsrc%5Etfw\">12 de mayo de 2023<\/a><\/blockquote><\/div>\n<\/div><\/figure>\n","protected":false},"excerpt":{"rendered":"<p>Redacci\u00f3n\/Zona Roja. Oaxaca de Ju\u00e1rez, Oax., 13 de mayo de 2023.- Con una tarde llena&hellip;<\/p>\n","protected":false},"author":2,"featured_media":55176,"comment_status":"closed","ping_status":"open","sticky":false,"template":"","format":"standard","meta":{"_lmt_disableupdate":"","_lmt_disable":"","_jetpack_memberships_contains_paid_content":false,"footnotes":""},"categories":[109,46],"tags":[2456],"class_list":["post-55181","post","type-post","status-publish","format-standard","has-post-thumbnail","hentry","category-minuto-a-minuto","category-zona-blanca","tag-javier-villacana-jimenez"],"jetpack_featured_media_url":"https:\/\/zonaroja.com.mx\/wp-content\/uploads\/2023\/05\/Festejo-PRI-madres-.jpg","jetpack_sharing_enabled":true,"_links":{"self":[{"href":"https:\/\/zonaroja.com.mx\/index.php?rest_route=\/wp\/v2\/posts\/55181","targetHints":{"allow":["GET"]}}],"collection":[{"href":"https:\/\/zonaroja.com.mx\/index.php?rest_route=\/wp\/v2\/posts"}],"about":[{"href":"https:\/\/zonaroja.com.mx\/index.php?rest_route=\/wp\/v2\/types\/post"}],"author":[{"embeddable":true,"href":"https:\/\/zonaroja.com.mx\/index.php?rest_route=\/wp\/v2\/users\/2"}],"replies":[{"embeddable":true,"href":"https:\/\/zonaroja.com.mx\/index.php?rest_route=%2Fwp%2Fv2%2Fcomments&post=55181"}],"version-history":[{"count":1,"href":"https:\/\/zonaroja.com.mx\/index.php?rest_route=\/wp\/v2\/posts\/55181\/revisions"}],"predecessor-version":[{"id":55182,"href":"https:\/\/zonaroja.com.mx\/index.php?rest_route=\/wp\/v2\/posts\/55181\/revisions\/55182"}],"wp:featuredmedia":[{"embeddable":true,"href":"https:\/\/zonaroja.com.mx\/index.php?rest_route=\/wp\/v2\/media\/55176"}],"wp:attachment":[{"href":"https:\/\/zonaroja.com.mx\/index.php?rest_route=%2Fwp%2Fv2%2Fmedia&parent=55181"}],"wp:term":[{"taxonomy":"category","embeddable":true,"href":"https:\/\/zonaroja.com.mx\/index.php?rest_route=%2Fwp%2Fv2%2Fcategories&post=55181"},{"taxonomy":"post_tag","embeddable":true,"href":"https:\/\/zonaroja.com.mx\/index.php?rest_route=%2Fwp%2Fv2%2Ftags&post=55181"}],"curies":[{"name":"wp","href":"https:\/\/api.w.org\/{rel}","templated":true}]}}