{"id":55183,"date":"2023-05-13T10:00:00","date_gmt":"2023-05-13T15:00:00","guid":{"rendered":"http:\/\/www.zonaroja.com.mx\/?p=55183"},"modified":"2023-05-13T08:21:02","modified_gmt":"2023-05-13T13:21:02","slug":"denuncia-la-seccion-22-tardanza-en-el-pago-de-su-quincena","status":"publish","type":"post","link":"https:\/\/zonaroja.com.mx\/?p=55183","title":{"rendered":"Denuncia la Secci\u00f3n 22 tardanza en el pago de su quincena"},"content":{"rendered":"\n<p>Redacci\u00f3n\/Zona Roja.<\/p>\n\n\n\n<p>Oaxaca de Ju\u00e1rez, Oax., a 13 de mayo. 2023.- El Comit\u00e9 Ejecutivo Seccional del SNTE denunci\u00f3 retrasos por parte de los gobiernos estatal y federal en el pago de su quincena.<\/p>\n\n\n\n<p>\u201cAnte la falta de cumplimiento laboral de la Secretar\u00eda de Educaci\u00f3n P\u00fablica (SEP del gobierno federal y el Instituto Estatal de Educaci\u00f3n P\u00fablica de Oaxaca<\/p>\n\n\n\n<p>(IEEPO) del Gobierno del Estado para emitir los pagos de los trabajadores y trabajadoras de la educaci\u00f3n, la Secci\u00f3n 22 de la Coordinadora Nacional de Trabajadores de la Educaci\u00f3n (CNTE) exige el cumplimiento inmediato de este derecho.<\/p>\n\n\n\n<p>\u201cEl Movimiento Democr\u00e1tico de Trabajadores de la Educaci\u00f3n de Oaxaca (MDTEO) se\u00f1ala a la SEP y al Fondo de Aportaciones para la N\u00f3mina Educativa (FONE) de esta omisi\u00f3n para dispersar los fondos econ\u00f3micos correspondientes a la quincena nueve, producto del salario ya devengado de las trabajadoras y trabajadores al servicio de la educaci\u00f3n\u201d, indic\u00f3.<\/p>\n\n\n\n<p>En un comunicado emitido anoche, exigi\u00f3 a la SEP para que a trav\u00e9s del FONE y al Gobierno del Estado para que a trav\u00e9s del IEEPO, cumplan con el pago inmediato \u201cde nuestros compa\u00f1eros que dignamente laboran en las regiones del estado.<\/p>\n\n\n\n<p>\u201cManifestamos que la responsabilidad administrativa, de organizaci\u00f3n y calendarizaci\u00f3n de los temas laborales de los trabajadores de la educaci\u00f3n ser\u00e1n sujetos de revisi\u00f3n ante las autoridades correspondientes para que se cumplan en tiempo y forma\u201d, expuso.<\/p>\n","protected":false},"excerpt":{"rendered":"<p>Redacci\u00f3n\/Zona Roja. Oaxaca de Ju\u00e1rez, Oax., a 13 de mayo. 2023.- El Comit\u00e9 Ejecutivo Seccional&hellip;<\/p>\n","protected":false},"author":2,"featured_media":55184,"comment_status":"closed","ping_status":"open","sticky":false,"template":"","format":"standard","meta":{"_lmt_disableupdate":"","_lmt_disable":"","_jetpack_memberships_contains_paid_content":false,"footnotes":""},"categories":[109,46],"tags":[312],"class_list":["post-55183","post","type-post","status-publish","format-standard","has-post-thumbnail","hentry","category-minuto-a-minuto","category-zona-blanca","tag-seccion-22-del-snte"],"jetpack_featured_media_url":"https:\/\/zonaroja.com.mx\/wp-content\/uploads\/2023\/05\/Comite-Ejecutivo-Seccion-22-del-SNTE.jpg","jetpack_sharing_enabled":true,"_links":{"self":[{"href":"https:\/\/zonaroja.com.mx\/index.php?rest_route=\/wp\/v2\/posts\/55183","targetHints":{"allow":["GET"]}}],"collection":[{"href":"https:\/\/zonaroja.com.mx\/index.php?rest_route=\/wp\/v2\/posts"}],"about":[{"href":"https:\/\/zonaroja.com.mx\/index.php?rest_route=\/wp\/v2\/types\/post"}],"author":[{"embeddable":true,"href":"https:\/\/zonaroja.com.mx\/index.php?rest_route=\/wp\/v2\/users\/2"}],"replies":[{"embeddable":true,"href":"https:\/\/zonaroja.com.mx\/index.php?rest_route=%2Fwp%2Fv2%2Fcomments&post=55183"}],"version-history":[{"count":1,"href":"https:\/\/zonaroja.com.mx\/index.php?rest_route=\/wp\/v2\/posts\/55183\/revisions"}],"predecessor-version":[{"id":55185,"href":"https:\/\/zonaroja.com.mx\/index.php?rest_route=\/wp\/v2\/posts\/55183\/revisions\/55185"}],"wp:featuredmedia":[{"embeddable":true,"href":"https:\/\/zonaroja.com.mx\/index.php?rest_route=\/wp\/v2\/media\/55184"}],"wp:attachment":[{"href":"https:\/\/zonaroja.com.mx\/index.php?rest_route=%2Fwp%2Fv2%2Fmedia&parent=55183"}],"wp:term":[{"taxonomy":"category","embeddable":true,"href":"https:\/\/zonaroja.com.mx\/index.php?rest_route=%2Fwp%2Fv2%2Fcategories&post=55183"},{"taxonomy":"post_tag","embeddable":true,"href":"https:\/\/zonaroja.com.mx\/index.php?rest_route=%2Fwp%2Fv2%2Ftags&post=55183"}],"curies":[{"name":"wp","href":"https:\/\/api.w.org\/{rel}","templated":true}]}}