{"id":55188,"date":"2023-05-13T10:49:00","date_gmt":"2023-05-13T15:49:00","guid":{"rendered":"http:\/\/www.zonaroja.com.mx\/?p=55188"},"modified":"2023-05-13T08:51:24","modified_gmt":"2023-05-13T13:51:24","slug":"desatendio-gobierno-llamado-de-mazatlan-mixe-lo-que-genero-saldo-sangriento","status":"publish","type":"post","link":"https:\/\/zonaroja.com.mx\/?p=55188","title":{"rendered":"Desatendi\u00f3 gobierno llamado de Mazatl\u00e1n Mixe, lo que gener\u00f3 saldo sangriento"},"content":{"rendered":"\n<p>Ismael Garc\u00eda M.\/Zona Roja.<\/p>\n\n\n\n<p>Oaxaca de Ju\u00e1rez, Oax., a 13 de mayo de 2023.- El Gobierno del Estado de Oaxaca desatendi\u00f3 la petici\u00f3n de localidades de San Juan Mazatl\u00e1n Mixe, lo que gener\u00f3 ayer un ataque armado por parte de Santo Domingo Petapa, con saldo sangriento.<\/p>\n\n\n\n<p>Horas antes de la agresi\u00f3n armada, el Comisariado de Bienes Comunales de Mazatl\u00e1n Mixe, Avertano Gonz\u00e1lez Feliciano, y el presidente municipal comunitario, Venancio Dionisio Feliciano, dirigieron un escrito al Presidente Andr\u00e9s Manuel L\u00f3pez Obrador y al gobernador Salom\u00f3n Jara Cruz:<\/p>\n\n\n\n<p>\u201cHacemos del conocimiento y responsabilizamos al presidente<\/p>\n\n\n\n<p>municipal, presidente de la Comisar\u00eda Ejidal y habitantes de Santo Domingo Petapa, del enfrentamiento que pudiera suscitarse con la cabecera municipal de San Juan Mazatl\u00e1n, ya que nuevamente se han concentrado personas armadas con armas de grueso calibre en el paraje denominado \u00b4Buena Vista\u2019.<\/p>\n\n\n\n<p>\u201cHan cortado los caminos y accesos que comunican a las localidades de San Juan Mazatl\u00e1n, Loma Santa Cruz (donde se registr\u00f3 la violencia ayer), Rancho Ju\u00e1rez, Los Valles y San Antonio del Valle.<\/p>\n\n\n\n<p>\u201cHan impedido paso de personas hacia sus trabajaderos, con amenazas de muerte, extorsi\u00f3n y vandalismo. Adem\u00e1s, mantienen hasta la fecha sin energ\u00eda el\u00e9ctrica desde el 6 de marzo del 2023 a las comunidades antes mencionadas, a sabiendas que es de car\u00e1cter federal.<\/p>\n\n\n\n<p>\u201cA pesar de tantas arbitrariedades, los Pueblos Mixes de San Juan Mazatl\u00e1n, nos hemos conducido con respeto, buscando siempre el di\u00e1logo como \u00fanica v\u00eda para lograr la paz y tranquilidad de nuestros pueblos.&nbsp;<\/p>\n\n\n\n<p>Este tema, que es meramente por conflicto de l\u00edmites de tierras, se ha tratado de negociar ante instancias de gobierno el libre tr\u00e1nsito en el camino, en tanto se soluciona el conflicto agrario por la v\u00eda legal ante tribunales e instituciones correspondientes.&nbsp;<\/p>\n\n\n\n<p>\u201cSin embargo, Santo Domingo Petapa ha tomado decisiones negativas y lastimosas que vulneran nuestro derechos como comunidades ind\u00edgenas, impidiendo los programas de impacto social del Gobierno Federal, como es el caso del Programa de Pavimentaci\u00f3n a cabeceras municipales.<\/p>\n\n\n\n<p>\u00abA tal grado de negar permisos de servidumbre de paso en beneficio de sus propias agencias como es el caso de La Esperanza, R\u00edo del Sol, La Maceta y El Platanillo.<\/p>\n\n\n\n<p>\u201cTambi\u00e9n ponemos de conocimiento que para todo hay un l\u00edmite y tolerancia, por ese motivo exigimos y hacemos un atento llamado a las Instancias correspondientes, al gobierno federal y estatal para que coadyuve en la soluci\u00f3n del conflicto, antes de que estalle un enfrentamiento armado, porque hasta la fecha se ha visto poco inter\u00e9s por parte del Gobierno del Estado, y falta de capacidad para soluci\u00f3n del mismo\u201d, detallaron en su misiva.<\/p>\n\n\n\n<p>Sin embargo, la Secretar\u00eda de Gobierno, que encabeza Jes\u00fas Romero L\u00f3pez, desoy\u00f3 la advertencia, lo que origin\u00f3 el ataque ayer, por parte de Petapa.<\/p>\n\n\n\n<p>De acuerdo con el saldo oficial reportado por la Fiscal\u00eda General del Estado de Oaxaca, son una persona fallecida y tres lesionadas; de acuerdo con versiones extraoficiales, incluido de la organizaci\u00f3n Ucizoni, son tres asesinados.<\/p>\n\n\n\n<p>Ayer, la comunidad denunci\u00f3, en otro comunicado, el ataque armado ocurrido en el paraje \u201cBuena Vista\u201d, en que fue asesinado el se\u00f1or Porfirio Bautista Dom\u00ednguez.<\/p>\n\n\n\n<p>De acuerdo con los datos que proporcionaron, en la emboscada fueron heridos de gravedad Luis Epitacio, Jaime Luciano Cruz y Epitacio Marcial.<\/p>\n\n\n\n<p>Adem\u00e1s, est\u00e1n retenidos o desaparecidos, Wilfidro Sime\u00f3n Eleuterio, Maclovio Sime\u00f3n Eleuterio, Longino Marcial Marcial, Pablo Antonio Andr\u00e9s, Fidel Cabrera Epitacio, Uriel Miguel Miguel, Bulmaro Dom\u00ednguez, Miguel Bonifacio Narciso<\/p>\n\n\n\n<p>Jonathan Jos\u00e9 Ces\u00e1reo, Ernesto Andr\u00e9s Epitacio, Jose \u00c1ngel Marcial Andr\u00e9s,&nbsp;<\/p>\n\n\n\n<p>Cirino Eleuterio Mat\u00edas y Luis Enrique Miguel Feliciano&nbsp;<\/p>\n\n\n\n<p>\u201cSe desconoce el paradero de est\u00e1s personas. Responsabilizamos de este echo tan lamentable a las autoridades agrarias y municipales de Santo Domingo Petapa\u201d, se\u00f1alaron.<\/p>\n","protected":false},"excerpt":{"rendered":"<p>Ismael Garc\u00eda M.\/Zona Roja. Oaxaca de Ju\u00e1rez, Oax., a 13 de mayo de 2023.- El&hellip;<\/p>\n","protected":false},"author":2,"featured_media":55187,"comment_status":"closed","ping_status":"open","sticky":false,"template":"","format":"standard","meta":{"_lmt_disableupdate":"","_lmt_disable":"","_jetpack_memberships_contains_paid_content":false,"footnotes":""},"categories":[109,47],"tags":[933],"class_list":["post-55188","post","type-post","status-publish","format-standard","has-post-thumbnail","hentry","category-minuto-a-minuto","category-zona-gris","tag-san-juan-mazatlan-mixe"],"jetpack_featured_media_url":"https:\/\/zonaroja.com.mx\/wp-content\/uploads\/2023\/05\/Denunncia-ataque-San-Juan-Mazatlan-Mixe.jpg","jetpack_sharing_enabled":true,"_links":{"self":[{"href":"https:\/\/zonaroja.com.mx\/index.php?rest_route=\/wp\/v2\/posts\/55188","targetHints":{"allow":["GET"]}}],"collection":[{"href":"https:\/\/zonaroja.com.mx\/index.php?rest_route=\/wp\/v2\/posts"}],"about":[{"href":"https:\/\/zonaroja.com.mx\/index.php?rest_route=\/wp\/v2\/types\/post"}],"author":[{"embeddable":true,"href":"https:\/\/zonaroja.com.mx\/index.php?rest_route=\/wp\/v2\/users\/2"}],"replies":[{"embeddable":true,"href":"https:\/\/zonaroja.com.mx\/index.php?rest_route=%2Fwp%2Fv2%2Fcomments&post=55188"}],"version-history":[{"count":1,"href":"https:\/\/zonaroja.com.mx\/index.php?rest_route=\/wp\/v2\/posts\/55188\/revisions"}],"predecessor-version":[{"id":55189,"href":"https:\/\/zonaroja.com.mx\/index.php?rest_route=\/wp\/v2\/posts\/55188\/revisions\/55189"}],"wp:featuredmedia":[{"embeddable":true,"href":"https:\/\/zonaroja.com.mx\/index.php?rest_route=\/wp\/v2\/media\/55187"}],"wp:attachment":[{"href":"https:\/\/zonaroja.com.mx\/index.php?rest_route=%2Fwp%2Fv2%2Fmedia&parent=55188"}],"wp:term":[{"taxonomy":"category","embeddable":true,"href":"https:\/\/zonaroja.com.mx\/index.php?rest_route=%2Fwp%2Fv2%2Fcategories&post=55188"},{"taxonomy":"post_tag","embeddable":true,"href":"https:\/\/zonaroja.com.mx\/index.php?rest_route=%2Fwp%2Fv2%2Ftags&post=55188"}],"curies":[{"name":"wp","href":"https:\/\/api.w.org\/{rel}","templated":true}]}}