{"id":55190,"date":"2023-05-14T17:52:00","date_gmt":"2023-05-14T22:52:00","guid":{"rendered":"http:\/\/www.zonaroja.com.mx\/?p=55190"},"modified":"2023-05-14T19:54:40","modified_gmt":"2023-05-15T00:54:40","slug":"fuerte-caida-de-jara-en-ranking-nacional-de-gobernadores-60-lo-desaprueba","status":"publish","type":"post","link":"https:\/\/zonaroja.com.mx\/?p=55190","title":{"rendered":"Fuerte ca\u00edda de Jara en ranking nacional de gobernadores; 60% lo desaprueba"},"content":{"rendered":"\n<p>Yuridiana Sosa\/Zona Roja.<\/p>\n\n\n\n<p>Oaxaca de Ju\u00e1rez, Oax., a 14 de mayo de 2023.- El gobernador de Oaxaca, Salom\u00f3n Jara Cruz, registr\u00f3 una ca\u00edda del 17.9 por ciento en la aprobaci\u00f3n ciudadana que lo hizo retroceder nueve escalones en el ranking nacional de evaluaci\u00f3n que realiz\u00f3 la encuestadora Arias Consultores en marzo.<\/p>\n\n\n\n<p>Los resultados recientes de la encuesta \u201cAs\u00ed van los 32 gobernadores \u00bfC\u00f3mo calificaron su desempe\u00f1o?\u201d, apuntaron que el mandatario oaxaque\u00f1o, emanado de Morena, registr\u00f3 una desaprobaci\u00f3n del 59.9 por ciento y un 24.5 por ciento de aprobaci\u00f3n de la poblaci\u00f3n.<\/p>\n\n\n\n<p>De acuerdo con la consultora, en comparaci\u00f3n a la evaluaci\u00f3n anterior, Jara Cruz pas\u00f3 del 42.4 por ciento de aprobaci\u00f3n al 24.5 por ciento, con una diferencia de 17.9 por ciento menos, pasando de la posici\u00f3n nueve a la 18.<\/p>\n\n\n\n<p>La calificaci\u00f3n de los oaxaque\u00f1os a su gobernante tambi\u00e9n coloc\u00f3 a Oaxaca, dentro de la encuesta, en \u00faltimos lugares por los servicios de obra p\u00fablica, salud, agua, transporte p\u00fablico, econom\u00eda y seguridad.<\/p>\n\n\n\n<p>EVALUACI\u00d3N<\/p>\n\n\n\n<p>La encuesta contempl\u00f3 importante conocer c\u00f3mo consideran los ciudadanos la relaci\u00f3n entre el presidente de M\u00e9xico y el gobernante de su estado, que en el caso de Oaxaca fue calificada como 43.6 por ciento buena, 48.1 por ciento regular y 8.3 por ciento mala, ocupando el lugar 17.<\/p>\n\n\n\n<p>Sobre si la poblaci\u00f3n cree que Jara Cruz \u201cdice la verdad o miente\u201d, el 74.2 por ciento dijo que miente y el 25.8 por ciento la verdad. As\u00ed como que el 68.1 por ciento contest\u00f3 que no se le revoque su mandato por p\u00e9rdida de la confianza y el 31.9 por ciento dijo que siga.<\/p>\n\n\n\n<figure class=\"wp-block-embed is-type-rich is-provider-twitter wp-block-embed-twitter\"><div class=\"wp-block-embed__wrapper\">\n<div class=\"twitter-tweet\"><blockquote class=\"twitter-tweet\" data-lang=\"es\"><p lang=\"es\" dir=\"ltr\">Te compartimos a los 5\u20e3 gobernadores mejor evaluados de MORENA\/PES\/PVEM del mes de Marzo. Este mes, el gobernador de <a href=\"https:\/\/twitter.com\/hashtag\/Hidalgo?src=hash&amp;ref_src=twsrc%5Etfw\">#Hidalgo<\/a>, <a href=\"https:\/\/twitter.com\/juliomenchaca_?ref_src=twsrc%5Etfw\">@juliomenchaca_<\/a>, se posiciona en el primer lugar del ranking de gobernadores. \ud83d\udcca\ud83d\udde3\ufe0fDescubre m\u00e1s aqu\u00ed.<br><br>&#8211;<br>\ud83d\udcf2 <a href=\"https:\/\/t.co\/5JjoHfIAE9\">https:\/\/t.co\/5JjoHfIAE9<\/a><br>Nota por <a href=\"https:\/\/twitter.com\/revista32?ref_src=twsrc%5Etfw\">@revista32<\/a> <a href=\"https:\/\/t.co\/zi59IKaR7q\">pic.twitter.com\/zi59IKaR7q<\/a><\/p>&mdash; Arias Consultores (@AriasCons) <a href=\"https:\/\/twitter.com\/AriasCons\/status\/1654538532986257408?ref_src=twsrc%5Etfw\">5 de mayo de 2023<\/a><\/blockquote><\/div>\n<\/div><\/figure>\n\n\n\n<p>Respecto a la confianza de los empresarios para invertir en la entidad, el 58.9 por ciento consider\u00f3 que es mala la confianza y el 20.6 por ciento que est\u00e1 bien. Adem\u00e1s, el 82.3 por ciento contest\u00f3 que es mala la econom\u00eda del estado contra el 10.2 por ciento que dijo que se encuentra bien, ocupando con ello el lugar 30 en la lista.<\/p>\n\n\n\n<p>&nbsp;Oaxaca ocup\u00f3 el lugar 31 al considerar el 83.5 por ciento de los encuestados un mal servicio en el transporte p\u00fablico y movilidad en la entidad; mientras que se situ\u00f3 en la posici\u00f3n 32 por la obra p\u00fablica, en la que el 85.5 por ciento de la poblaci\u00f3n dijo que est\u00e1 mal y el 8.3 por ciento, bien.<\/p>\n\n\n\n<p>Respecto a la pregunta de c\u00f3mo consider\u00f3 en el mes de marzo los servicios de salud en la entidad, el 79.3 por ciento dijo que malo y el 8.2 que bueno, dejando a Oaxaca en la posici\u00f3n 32, misma que ocupa respecto al abastecimiento y manejo del agua, en la que el 84.3 por ciento dijo que malo y el 4.3 por ciento, bueno.<\/p>\n\n\n\n<p>Con resultados menos catastr\u00f3ficos se encuentra la entrega de apoyos a sectores vulnerables, considerando despensa, alimentos entre otros, el que obtuvo el lugar 25 con el 23.5 por ciento que dijo que es bueno y el 53.2 por ciento que malo.<\/p>\n\n\n\n<p>En los esfuerzos de la autoridad sobre el combate a la corrupci\u00f3n en la entidad, el 79.1 por ciento dijo que malo y el 12.6 por ciento que bueno, pese a ello, se coloc\u00f3 en el lugar 18.<\/p>\n\n\n\n<p>Mientras que c\u00f3mo considera que se encuentra la seguridad, el 87.2 por ciento dijo que ml y el 7.2 por ciento bien, ocupando el lugar 23; en otro sentido, sobre c\u00f3mo se siente el ciudadano viviendo en su entidad, el 86.2 por ciento respondi\u00f3 que inseguro frente al 13.8 por ciento que dijo sentirse seguro, situ\u00e1ndose en el lugar 27 de la lista.<\/p>\n\n\n\n<p>Fue por el aspecto del turismo, en el que Oaxaca alcanz\u00f3 la novena posici\u00f3n. El 44.2 por ciento dijo que el turismo se encuentra bien, el 42 por ciento mal y el 13.8 por ciento no sabe.&nbsp;<\/p>\n","protected":false},"excerpt":{"rendered":"<p>Yuridiana Sosa\/Zona Roja. Oaxaca de Ju\u00e1rez, Oax., a 14 de mayo de 2023.- El gobernador&hellip;<\/p>\n","protected":false},"author":2,"featured_media":55191,"comment_status":"closed","ping_status":"open","sticky":false,"template":"","format":"standard","meta":{"_lmt_disableupdate":"","_lmt_disable":"","_jetpack_memberships_contains_paid_content":false,"footnotes":""},"categories":[109,47],"tags":[939],"class_list":["post-55190","post","type-post","status-publish","format-standard","has-post-thumbnail","hentry","category-minuto-a-minuto","category-zona-gris","tag-salomon-jara-cruz"],"jetpack_featured_media_url":"https:\/\/zonaroja.com.mx\/wp-content\/uploads\/2023\/05\/Desempeno-gobernadores-Arias-Consultores.jpg","jetpack_sharing_enabled":true,"_links":{"self":[{"href":"https:\/\/zonaroja.com.mx\/index.php?rest_route=\/wp\/v2\/posts\/55190","targetHints":{"allow":["GET"]}}],"collection":[{"href":"https:\/\/zonaroja.com.mx\/index.php?rest_route=\/wp\/v2\/posts"}],"about":[{"href":"https:\/\/zonaroja.com.mx\/index.php?rest_route=\/wp\/v2\/types\/post"}],"author":[{"embeddable":true,"href":"https:\/\/zonaroja.com.mx\/index.php?rest_route=\/wp\/v2\/users\/2"}],"replies":[{"embeddable":true,"href":"https:\/\/zonaroja.com.mx\/index.php?rest_route=%2Fwp%2Fv2%2Fcomments&post=55190"}],"version-history":[{"count":3,"href":"https:\/\/zonaroja.com.mx\/index.php?rest_route=\/wp\/v2\/posts\/55190\/revisions"}],"predecessor-version":[{"id":55255,"href":"https:\/\/zonaroja.com.mx\/index.php?rest_route=\/wp\/v2\/posts\/55190\/revisions\/55255"}],"wp:featuredmedia":[{"embeddable":true,"href":"https:\/\/zonaroja.com.mx\/index.php?rest_route=\/wp\/v2\/media\/55191"}],"wp:attachment":[{"href":"https:\/\/zonaroja.com.mx\/index.php?rest_route=%2Fwp%2Fv2%2Fmedia&parent=55190"}],"wp:term":[{"taxonomy":"category","embeddable":true,"href":"https:\/\/zonaroja.com.mx\/index.php?rest_route=%2Fwp%2Fv2%2Fcategories&post=55190"},{"taxonomy":"post_tag","embeddable":true,"href":"https:\/\/zonaroja.com.mx\/index.php?rest_route=%2Fwp%2Fv2%2Ftags&post=55190"}],"curies":[{"name":"wp","href":"https:\/\/api.w.org\/{rel}","templated":true}]}}