{"id":55196,"date":"2023-05-13T13:11:00","date_gmt":"2023-05-13T18:11:00","guid":{"rendered":"http:\/\/www.zonaroja.com.mx\/?p=55196"},"modified":"2023-05-13T09:14:50","modified_gmt":"2023-05-13T14:14:50","slug":"viola-estados-unidos-derecho-internacional-de-refugiados-onu","status":"publish","type":"post","link":"https:\/\/zonaroja.com.mx\/?p=55196","title":{"rendered":"Viola Estados Unidos derecho internacional de refugiados: ONU"},"content":{"rendered":"\n<p>Redacci\u00f3n\/Zona Roja Cdmx.<\/p>\n\n\n\n<p>Ciudad de M\u00e9xico, a 13 de mayo de 2023. Las agencias migratorias de la Organizaci\u00f3n de Naciones Unidas (ONU) pidieron ayer al un\u00edsono a Estados Unidos que su nueva ley sobre migraci\u00f3n, conocida como T\u00edtulo 8, sirva de plataforma para impulsar una reforma de las pol\u00edticas de tr\u00e1nsito de millones de personas por Am\u00e9rica Latina y el Caribe desde los propios pa\u00edses afectados.<\/p>\n\n\n\n<p>El Alto Comisionado de Naciones Unidas para los Refugiados (Acnur), el Fondo de la ONU para la Infancia (Unicef) y la Organizaci\u00f3n Internacional para las Migraciones (OIM) recordaron que los pa\u00edses de Am\u00e9rica Latina que iban a servir de escala a los indocumentados en su esfuerzo por llegar a Estados Unidos se han convertido, en realidad, en centros de acogida que representan un enorme peligro para sus habitantes temporales por la inseguridad reinante.<\/p>\n\n\n\n<p>Adem\u00e1s, tanto Acnur como la OIM destacaron en un comunicado conjunto que la nueva norma, que restringe el acceso a los solicitantes de asilo que llegan de manera irregular, tras transitar por otro pa\u00eds, es incompatible con los principios del derecho internacional de los refugiados.<\/p>\n\n\n\n<p>Sin la vigencia del T\u00edtulo 42, que concluy\u00f3 anteayer, el gobierno estadunidense regresar\u00e1 al T\u00edtulo 8 que aplicaba antes de la pandemia. Con esta disposici\u00f3n se faculta a las autoridades migratorias de ese pa\u00eds a procesar de manera expedita y expulsar de forma acelerada a personas que lleguen a la frontera sin documentos.<\/p>\n\n\n\n<p>Las agencias de la ONU se\u00f1alaron que esta pol\u00edtica migratoria en Estados Unidos no resuelve la crisis exacerbada por la antigua administraci\u00f3n del ex presidente Donald Trump: si bien la expansi\u00f3n de los programas de reasentamiento son un \u201cpaso bienvenido\u201d.<\/p>\n\n\n\n<p>Indicaron que facilitar y ampliar el acceso a los programas de reasentamiento, reunificaci\u00f3n familiar, patrocinio humanitario y movilidad laboral \u201cpuede salvar vidas y proteger a las personas de la trata, el tr\u00e1fico y otras formas de violencia. Si se gestionan adecuadamente, tambi\u00e9n pueden apoyar a las econom\u00edas nacionales que se enfrentan a escasez de mano de obra\u201d.<\/p>\n\n\n\n<p>La Acnur y la OIM afirmaron que los desaf\u00edos que plantea este desplazamiento \u201cno pueden ser resueltos s\u00f3lo por un pa\u00eds\u201d y hace falta \u201cun esfuerzo conjunto\u201d a trav\u00e9s del respaldo a las comunidades que acogen a los migrantes, del acceso a procedimientos de asilo \u201cjustos y eficaces\u201d y, sobre todo, por conducto de la declaraci\u00f3n de pasos seguros, lejos de la violencia que asedia a las caravanas durante su tr\u00e1nsito.<\/p>\n\n\n\n<p>En ning\u00fan caso, recuerdan ambas agencias, el retorno forzado es una opci\u00f3n, y m\u00e1s a pa\u00edses donde las vidas y la seguridad de los migrantes puedan correr peligro, en especial las de los menores, como a\u00f1adi\u00f3 la directora ejecutiva de Unicef, Catherine Russell.<\/p>\n\n\n\n<p>\u201cAplaudimos los esfuerzos recientes para mejorar el acceso de los ni\u00f1os, ni\u00f1as y familias en tr\u00e1nsito a v\u00edas migratorias seguras, y pedimos encarecidamente a todos los gobiernos, incluido el de Estados Unidos, que garanticen el acceso a los procesos de asilo sin importar la nacionalidad de los solicitantes\u201d, declar\u00f3 Russell.<\/p>\n\n\n\n<p>\u201cAyudar hoy a los ni\u00f1os m\u00e1s vulnerables contribuir\u00e1 a lograr un futuro m\u00e1s brillante para toda la regi\u00f3n\u201d, destac\u00f3.<\/p>\n\n\n\n<p>(Informaci\u00f3n de Europa Press en \u201cLa Jornada\u201d)<\/p>\n","protected":false},"excerpt":{"rendered":"<p>Redacci\u00f3n\/Zona Roja Cdmx. Ciudad de M\u00e9xico, a 13 de mayo de 2023. Las agencias migratorias&hellip;<\/p>\n","protected":false},"author":2,"featured_media":55197,"comment_status":"closed","ping_status":"open","sticky":false,"template":"","format":"standard","meta":{"_lmt_disableupdate":"","_lmt_disable":"","_jetpack_memberships_contains_paid_content":false,"footnotes":""},"categories":[109,47],"tags":[3540],"class_list":["post-55196","post","type-post","status-publish","format-standard","has-post-thumbnail","hentry","category-minuto-a-minuto","category-zona-gris","tag-crisis-migratoria-mexico"],"jetpack_featured_media_url":"https:\/\/zonaroja.com.mx\/wp-content\/uploads\/2023\/05\/Migrantres-migracion-Estados-Unidos.jpeg","jetpack_sharing_enabled":true,"_links":{"self":[{"href":"https:\/\/zonaroja.com.mx\/index.php?rest_route=\/wp\/v2\/posts\/55196","targetHints":{"allow":["GET"]}}],"collection":[{"href":"https:\/\/zonaroja.com.mx\/index.php?rest_route=\/wp\/v2\/posts"}],"about":[{"href":"https:\/\/zonaroja.com.mx\/index.php?rest_route=\/wp\/v2\/types\/post"}],"author":[{"embeddable":true,"href":"https:\/\/zonaroja.com.mx\/index.php?rest_route=\/wp\/v2\/users\/2"}],"replies":[{"embeddable":true,"href":"https:\/\/zonaroja.com.mx\/index.php?rest_route=%2Fwp%2Fv2%2Fcomments&post=55196"}],"version-history":[{"count":1,"href":"https:\/\/zonaroja.com.mx\/index.php?rest_route=\/wp\/v2\/posts\/55196\/revisions"}],"predecessor-version":[{"id":55198,"href":"https:\/\/zonaroja.com.mx\/index.php?rest_route=\/wp\/v2\/posts\/55196\/revisions\/55198"}],"wp:featuredmedia":[{"embeddable":true,"href":"https:\/\/zonaroja.com.mx\/index.php?rest_route=\/wp\/v2\/media\/55197"}],"wp:attachment":[{"href":"https:\/\/zonaroja.com.mx\/index.php?rest_route=%2Fwp%2Fv2%2Fmedia&parent=55196"}],"wp:term":[{"taxonomy":"category","embeddable":true,"href":"https:\/\/zonaroja.com.mx\/index.php?rest_route=%2Fwp%2Fv2%2Fcategories&post=55196"},{"taxonomy":"post_tag","embeddable":true,"href":"https:\/\/zonaroja.com.mx\/index.php?rest_route=%2Fwp%2Fv2%2Ftags&post=55196"}],"curies":[{"name":"wp","href":"https:\/\/api.w.org\/{rel}","templated":true}]}}