{"id":55199,"date":"2023-05-13T09:19:41","date_gmt":"2023-05-13T14:19:41","guid":{"rendered":"http:\/\/www.zonaroja.com.mx\/?p=55199"},"modified":"2023-05-13T09:19:43","modified_gmt":"2023-05-13T14:19:43","slug":"atacan-a-tres-argentinos-en-playa-de-cacahua-oaxaca","status":"publish","type":"post","link":"https:\/\/zonaroja.com.mx\/?p=55199","title":{"rendered":"Atacan a tres argentinos en playa de Cacahua, Oaxaca"},"content":{"rendered":"\n<p>Redacci\u00f3n\/Zona Roja.<\/p>\n\n\n\n<p>Oaxaca de Ju\u00e1rez, Oax., a 13 de mayo de 2023.- Tres personas de nacionalidad argentina -dos hombres y una mujer-, sufrieron lesiones de gravedad tras ser atacados con un machete en el destino tur\u00edstico Lagunas de Chacahua, perteneciente al municipio de Villa de Tututepec en la regi\u00f3n de la Costa de Oaxaca.<\/p>\n\n\n\n<p>La Coordinaci\u00f3n Municipal de Protecci\u00f3n Civil inform\u00f3 que el ataque se registr\u00f3 la tarde de este viernes en la comunidad de Chacahua Isla, asentada al margen del litoral de playa.<\/p>\n\n\n\n<p>Los lesionados, fueron identificados con los nombres de Macarena &#8216;N&#8217; de 29 a\u00f1os de edad, Benjam\u00edn &#8216;N&#8217; de 23 a\u00f1os y Santiago &#8216;N&#8217; de 22 a\u00f1os de edad, los tres de nacionalidad argentina; lugare\u00f1os les brindaron el auxilio y fueron llevados a bordo de una lancha al varadero de la localidad de El Zapotalito.<\/p>\n\n\n\n<p>Posteriormente, a bordo de dos ambulancias param\u00e9dicos de Protecci\u00f3n Civil Municipal trasladaron a los lesionados a un hospital de Puerto Escondido, ya que presentaban lesiones de gravedad.<\/p>\n\n\n\n<p>Roberto Avenda\u00f1o, director de Protecci\u00f3n Civil de Villa de Tututepec, inform\u00f3 que recibieron diferentes llamadas telef\u00f3nicas de ciudadanos de la comunidad de Chacahua solicitando el auxilio.<\/p>\n\n\n\n<p>En el lugar de los hechos, la polic\u00eda municipal detuvo al agresor, quien fue identificado con el nombre de Cruz Irving de 21 a\u00f1os de edad, originario del municipio de Ometepec, Guerrero, quien fue puesto a disposici\u00f3n de la autoridad correspondiente.<\/p>\n\n\n\n<p>(Informaci\u00f3n de Wilmer Gil en \u201cMilenio\u201d)<\/p>\n","protected":false},"excerpt":{"rendered":"<p>Redacci\u00f3n\/Zona Roja. Oaxaca de Ju\u00e1rez, Oax., a 13 de mayo de 2023.- Tres personas de&hellip;<\/p>\n","protected":false},"author":2,"featured_media":55177,"comment_status":"closed","ping_status":"open","sticky":false,"template":"","format":"standard","meta":{"_lmt_disableupdate":"","_lmt_disable":"","_jetpack_memberships_contains_paid_content":false,"footnotes":""},"categories":[109,47],"tags":[3054],"class_list":["post-55199","post","type-post","status-publish","format-standard","has-post-thumbnail","hentry","category-minuto-a-minuto","category-zona-gris","tag-lagunas-de-chacahua"],"jetpack_featured_media_url":"https:\/\/zonaroja.com.mx\/wp-content\/uploads\/2023\/05\/Extranjeros-golpeados-Chacahua-Oaaxaca.jpg","jetpack_sharing_enabled":true,"_links":{"self":[{"href":"https:\/\/zonaroja.com.mx\/index.php?rest_route=\/wp\/v2\/posts\/55199","targetHints":{"allow":["GET"]}}],"collection":[{"href":"https:\/\/zonaroja.com.mx\/index.php?rest_route=\/wp\/v2\/posts"}],"about":[{"href":"https:\/\/zonaroja.com.mx\/index.php?rest_route=\/wp\/v2\/types\/post"}],"author":[{"embeddable":true,"href":"https:\/\/zonaroja.com.mx\/index.php?rest_route=\/wp\/v2\/users\/2"}],"replies":[{"embeddable":true,"href":"https:\/\/zonaroja.com.mx\/index.php?rest_route=%2Fwp%2Fv2%2Fcomments&post=55199"}],"version-history":[{"count":1,"href":"https:\/\/zonaroja.com.mx\/index.php?rest_route=\/wp\/v2\/posts\/55199\/revisions"}],"predecessor-version":[{"id":55200,"href":"https:\/\/zonaroja.com.mx\/index.php?rest_route=\/wp\/v2\/posts\/55199\/revisions\/55200"}],"wp:featuredmedia":[{"embeddable":true,"href":"https:\/\/zonaroja.com.mx\/index.php?rest_route=\/wp\/v2\/media\/55177"}],"wp:attachment":[{"href":"https:\/\/zonaroja.com.mx\/index.php?rest_route=%2Fwp%2Fv2%2Fmedia&parent=55199"}],"wp:term":[{"taxonomy":"category","embeddable":true,"href":"https:\/\/zonaroja.com.mx\/index.php?rest_route=%2Fwp%2Fv2%2Fcategories&post=55199"},{"taxonomy":"post_tag","embeddable":true,"href":"https:\/\/zonaroja.com.mx\/index.php?rest_route=%2Fwp%2Fv2%2Ftags&post=55199"}],"curies":[{"name":"wp","href":"https:\/\/api.w.org\/{rel}","templated":true}]}}