{"id":55203,"date":"2023-05-13T14:14:56","date_gmt":"2023-05-13T19:14:56","guid":{"rendered":"http:\/\/www.zonaroja.com.mx\/?p=55203"},"modified":"2023-05-14T16:02:26","modified_gmt":"2023-05-14T21:02:26","slug":"dos-corcholatas-visitan-oaxaca-cargada-de-gobierno-es-para-sheinbaum-y-abandonan-a-ebrard","status":"publish","type":"post","link":"https:\/\/zonaroja.com.mx\/?p=55203","title":{"rendered":"Dos \u201cCorcholatas\u201d visitan Oaxaca; cargada de gobierno es para Sheinbaum y abandonan a Ebrard"},"content":{"rendered":"\n<p>Yuridiana Sosa\/Zona Roja.<\/p>\n\n\n\n<p>Oaxaca de Ju\u00e1rez, Oax., a 13 de mayo de 2023.- &nbsp;Los presidenciables Claudia Sheinbaum y Marcelo Ebrard est\u00e1n en Oaxaca, cada uno por su parte, como parte de su campa\u00f1a interna en busca de la candidatura de Morena para las elecciones de 2024, pero el gobernador de Oaxaca s\u00f3lo ofrece acompa\u00f1amiento y promoci\u00f3n a la jefa de la Ciudad de M\u00e9xico.&nbsp;<\/p>\n\n\n\n<p>El mandatario de Oaxaca, Salom\u00f3n Jara Cruz, utiliz\u00f3 los recursos de su gobierno para dar propaganda y a las conferencias de Sheinbaum Pardo que program\u00f3 en Huatulco, en la Costa y su visita en Juchit\u00e1n, en el Istmo.<\/p>\n\n\n\n<p>Por medio de la cuenta oficial de Facebook del Gobierno del Estado de Oaxaca se invit\u00f3 a la conferencia magistral \u201cPol\u00edticas de Gobierno al Servicio del Pueblo\u201d, en Santa Mar\u00eda Huatulco, misma cuenta por la que se transmiti\u00f3 en vivo el evento.<\/p>\n\n\n\n<p>La jefa de Gobierno de la Ciudad de M\u00e9xico fue recibida este s\u00e1bado y acompa\u00f1ada durante su gira, Jara Cruz como funcionarios del gabinete de Oaxaca acompa\u00f1aron a su \u201ccorcholata\u201d.&nbsp;<\/p>\n\n\n\n<p>\u201cEste d\u00eda recibimos con mucha alegr\u00eda a nuestra amiga, la Jefa de Gobierno de la CDMX, Claudia Sheinbaum. Viene a Oaxaca a realizar dos ponencias magistrales en las regiones del Istmo y la Costa. \u00a1Es una gran mujer que es una referente de la transformaci\u00f3n a nivel nacional!\u201d, cit\u00f3 Jara Cruz en su cuenta oficial.<\/p>\n\n\n\n<figure class=\"wp-block-embed is-type-rich is-provider-twitter wp-block-embed-twitter\"><div class=\"wp-block-embed__wrapper\">\n<div class=\"twitter-tweet\"><blockquote class=\"twitter-tweet\" data-lang=\"es\"><p lang=\"es\" dir=\"ltr\">Gracias al gobernador <a href=\"https:\/\/twitter.com\/salomonj?ref_src=twsrc%5Etfw\">@salomonj<\/a> por el recibimiento y por acompa\u00f1arme a presentar dos conferencias en el hermoso estado de Oaxaca. <a href=\"https:\/\/t.co\/kWUnUjYwr9\">pic.twitter.com\/kWUnUjYwr9<\/a><\/p>&mdash; Dra. Claudia Sheinbaum (@Claudiashein) <a href=\"https:\/\/twitter.com\/Claudiashein\/status\/1657414793228169217?ref_src=twsrc%5Etfw\">13 de mayo de 2023<\/a><\/blockquote><\/div>\n<\/div><\/figure>\n\n\n\n<p>En tanto, el secretario de Relaciones Exteriores, Marcelo Ebrard Casaub\u00f3n, est\u00e1 en Oaxaca desde la tarde de este viernes para la presentaci\u00f3n de su libro \u201cEl Camino de M\u00e9xico\u201d, en el teatro \u201cMacedonio Alcal\u00e1\u201d en la capital oaxaque\u00f1a.<\/p>\n\n\n\n<p>Para este s\u00e1bado y domingo el canciller program\u00f3 su gira en las regiones de la Mixteca y la Cuenca, con visitas en los municipios de Huajuapan de Le\u00f3n y San Juan Bautista Tuxtepec, respectivamente.&nbsp;<\/p>\n\n\n\n<p>Ebrard Casaub\u00f3n tambi\u00e9n tuvo fiesta, con calendas desde su arribo en el aeropuerto, y despu\u00e9s, por la noche en el Centro Hist\u00f3rico, pero solo; sin funcionarios estatales que lo cobijaron y \u00fanicamente con dirigentes de las fuerzas internas de Morena.<\/p>\n\n\n\n<p>EXCLUSI\u00d3N&nbsp;<\/p>\n\n\n\n<p>Respecto a la visita de Claudia Sheinbaum, la Coalici\u00f3n Obrera Campesina Estudiantil del Istmo (COCEI), denunci\u00f3 exclusi\u00f3n a su organizaci\u00f3n para el acompa\u00f1amiento de la presidenciable a pesar de su simpat\u00eda con el proyecto de la jefa de Gobierno de la Ciudad de M\u00e9xico.<\/p>\n\n\n\n<p>La organizaci\u00f3n en el Istmo emiti\u00f3 una carta a Claudia Sheinbaum en la que lamentan que este acto a su vez representa un atentado al proyecto de unidad para su candidatura.&nbsp;<\/p>\n\n\n\n<p>Pese a simpatizar con Sheinbaum Pardo, la COCEI anunci\u00f3 su ausencia en la visita de su \u201ccorcholata\u201d a Juchit\u00e1n, y la invit\u00f3 a programar otra fecha para recibirla en unidad. <\/p>\n","protected":false},"excerpt":{"rendered":"<p>Yuridiana Sosa\/Zona Roja. Oaxaca de Ju\u00e1rez, Oax., a 13 de mayo de 2023.- &nbsp;Los presidenciables&hellip;<\/p>\n","protected":false},"author":2,"featured_media":55242,"comment_status":"closed","ping_status":"open","sticky":false,"template":"","format":"standard","meta":{"_lmt_disableupdate":"","_lmt_disable":"","_jetpack_memberships_contains_paid_content":false,"footnotes":""},"categories":[109,47],"tags":[3370],"class_list":["post-55203","post","type-post","status-publish","format-standard","has-post-thumbnail","hentry","category-minuto-a-minuto","category-zona-gris","tag-claudia-sheinbaum"],"jetpack_featured_media_url":"https:\/\/zonaroja.com.mx\/wp-content\/uploads\/2023\/05\/Salomon-Jara-y-Claudia-Sheinbaum-con-gabinete.jpg","jetpack_sharing_enabled":true,"_links":{"self":[{"href":"https:\/\/zonaroja.com.mx\/index.php?rest_route=\/wp\/v2\/posts\/55203","targetHints":{"allow":["GET"]}}],"collection":[{"href":"https:\/\/zonaroja.com.mx\/index.php?rest_route=\/wp\/v2\/posts"}],"about":[{"href":"https:\/\/zonaroja.com.mx\/index.php?rest_route=\/wp\/v2\/types\/post"}],"author":[{"embeddable":true,"href":"https:\/\/zonaroja.com.mx\/index.php?rest_route=\/wp\/v2\/users\/2"}],"replies":[{"embeddable":true,"href":"https:\/\/zonaroja.com.mx\/index.php?rest_route=%2Fwp%2Fv2%2Fcomments&post=55203"}],"version-history":[{"count":2,"href":"https:\/\/zonaroja.com.mx\/index.php?rest_route=\/wp\/v2\/posts\/55203\/revisions"}],"predecessor-version":[{"id":55245,"href":"https:\/\/zonaroja.com.mx\/index.php?rest_route=\/wp\/v2\/posts\/55203\/revisions\/55245"}],"wp:featuredmedia":[{"embeddable":true,"href":"https:\/\/zonaroja.com.mx\/index.php?rest_route=\/wp\/v2\/media\/55242"}],"wp:attachment":[{"href":"https:\/\/zonaroja.com.mx\/index.php?rest_route=%2Fwp%2Fv2%2Fmedia&parent=55203"}],"wp:term":[{"taxonomy":"category","embeddable":true,"href":"https:\/\/zonaroja.com.mx\/index.php?rest_route=%2Fwp%2Fv2%2Fcategories&post=55203"},{"taxonomy":"post_tag","embeddable":true,"href":"https:\/\/zonaroja.com.mx\/index.php?rest_route=%2Fwp%2Fv2%2Ftags&post=55203"}],"curies":[{"name":"wp","href":"https:\/\/api.w.org\/{rel}","templated":true}]}}