{"id":55217,"date":"2023-05-13T19:43:11","date_gmt":"2023-05-14T00:43:11","guid":{"rendered":"http:\/\/www.zonaroja.com.mx\/?p=55217"},"modified":"2023-05-13T19:43:12","modified_gmt":"2023-05-14T00:43:12","slug":"cinco-ejecutados-en-visita-de-sheinbaum-y-ebrard-a-oaxaca","status":"publish","type":"post","link":"https:\/\/zonaroja.com.mx\/?p=55217","title":{"rendered":"Cinco ejecutados, en visita de Sheinbaum y Ebrard a Oaxaca"},"content":{"rendered":"\n<p>Ismael Garc\u00eda M.\/Zona Roja.<\/p>\n\n\n\n<p>Oaxaca de Ju\u00e1rez, Oax., a 12 de mayo de 2023.- Cinco personas, entre ellas un menor de edad, fueron asesinadas en Oaxaca, mientras dos aspirantes a la Presidencia de la Rep\u00fablica por el Partido Morena, visitaba la entidad.<\/p>\n\n\n\n<p>La mayor\u00eda de los casos ocurri\u00f3 en el Istmo de Tehuantepec, regi\u00f3n que visit\u00f3 Claudia Sheinbaum este s\u00e1bado.<\/p>\n\n\n\n<p>Esta tarde, en el municipio de Mat\u00edas Romero, fueron ejecutadas dos personas del sexo masculino, cuyos cuerpos se hallaron en la calle Flores Mag\u00f3n de la colonia Barrio Ju\u00e1rez Norte; las v\u00edctimas a\u00fan no han sido identificadas.<\/p>\n\n\n\n<p>En Santiago Niltepec, fue ejecutado y presuntamente torturado un menor, estudiante del Colegio de Bachilleres de Oaxaca (Cobao), cuyo cuerpo fue hallado a la altura del cerro del Maguey.<\/p>\n\n\n\n<p>Se hall\u00f3 maniatado y fue identificado como Francisco C. R., de 15 a\u00f1os de edad, quien hab\u00eda sido reportado ayer como desaparecido.<\/p>\n\n\n\n<p>En la agencia de Monte Grande, municipio de San Blas Atempa, fue localizado un cuerpo sin vida, con huellas de violencia y una lesi\u00f3n por arma blanca en el cuello; por el momento tambi\u00e9n se desconoce su identidad.<\/p>\n\n\n\n<p>Mientras que en la calle Zaragoza esquina con Remedios del barrio San Francisco, municipio de Miahuatl\u00e1n de Porfirio D\u00edaz, en la regi\u00f3n Sierra Sur del estado, fue ultimado a balazos un individuo; otra persona del sexo masculino result\u00f3 lesionada.<\/p>\n\n\n\n<p>En todos los casos ninguna persona ha sido detenida por estos cr\u00edmenes.<\/p>\n","protected":false},"excerpt":{"rendered":"<p>Ismael Garc\u00eda M.\/Zona Roja. Oaxaca de Ju\u00e1rez, Oax., a 12 de mayo de 2023.- Cinco&hellip;<\/p>\n","protected":false},"author":2,"featured_media":55214,"comment_status":"closed","ping_status":"open","sticky":false,"template":"","format":"standard","meta":{"_lmt_disableupdate":"","_lmt_disable":"","_jetpack_memberships_contains_paid_content":false,"footnotes":""},"categories":[109,51],"tags":[228,3262,964],"class_list":["post-55217","post","type-post","status-publish","format-standard","has-post-thumbnail","hentry","category-minuto-a-minuto","category-zona-roja","tag-matias-romero-avendano","tag-santiago-niltepec","tag-violencia-oaxaca"],"jetpack_featured_media_url":"https:\/\/zonaroja.com.mx\/wp-content\/uploads\/2023\/05\/Asesinado-Santiago-Niltepec.jpg","jetpack_sharing_enabled":true,"_links":{"self":[{"href":"https:\/\/zonaroja.com.mx\/index.php?rest_route=\/wp\/v2\/posts\/55217","targetHints":{"allow":["GET"]}}],"collection":[{"href":"https:\/\/zonaroja.com.mx\/index.php?rest_route=\/wp\/v2\/posts"}],"about":[{"href":"https:\/\/zonaroja.com.mx\/index.php?rest_route=\/wp\/v2\/types\/post"}],"author":[{"embeddable":true,"href":"https:\/\/zonaroja.com.mx\/index.php?rest_route=\/wp\/v2\/users\/2"}],"replies":[{"embeddable":true,"href":"https:\/\/zonaroja.com.mx\/index.php?rest_route=%2Fwp%2Fv2%2Fcomments&post=55217"}],"version-history":[{"count":1,"href":"https:\/\/zonaroja.com.mx\/index.php?rest_route=\/wp\/v2\/posts\/55217\/revisions"}],"predecessor-version":[{"id":55218,"href":"https:\/\/zonaroja.com.mx\/index.php?rest_route=\/wp\/v2\/posts\/55217\/revisions\/55218"}],"wp:featuredmedia":[{"embeddable":true,"href":"https:\/\/zonaroja.com.mx\/index.php?rest_route=\/wp\/v2\/media\/55214"}],"wp:attachment":[{"href":"https:\/\/zonaroja.com.mx\/index.php?rest_route=%2Fwp%2Fv2%2Fmedia&parent=55217"}],"wp:term":[{"taxonomy":"category","embeddable":true,"href":"https:\/\/zonaroja.com.mx\/index.php?rest_route=%2Fwp%2Fv2%2Fcategories&post=55217"},{"taxonomy":"post_tag","embeddable":true,"href":"https:\/\/zonaroja.com.mx\/index.php?rest_route=%2Fwp%2Fv2%2Ftags&post=55217"}],"curies":[{"name":"wp","href":"https:\/\/api.w.org\/{rel}","templated":true}]}}