{"id":55219,"date":"2023-05-13T19:48:24","date_gmt":"2023-05-14T00:48:24","guid":{"rendered":"http:\/\/www.zonaroja.com.mx\/?p=55219"},"modified":"2023-05-13T19:48:25","modified_gmt":"2023-05-14T00:48:25","slug":"critica-gobernador-de-florida-a-amlo-carteles-fuera-de-control","status":"publish","type":"post","link":"https:\/\/zonaroja.com.mx\/?p=55219","title":{"rendered":"Critica gobernador de Florida a AMLO: \u201cc\u00e1rteles fuera de control\u201d"},"content":{"rendered":"\n<p>Redacci\u00f3n\/Zona Roja Cdmx.<\/p>\n\n\n\n<p>Ciudad de M\u00e9xico, a 13 de mayo de 2023.- El gobernador del estado de Florida, Ron DeSantis, critic\u00f3 este viernes 12 de mayo a la administraci\u00f3n del presidente Andr\u00e9s Manuel L\u00f3pez Obrador tras decir que tiene a los \u201cc\u00e1rteles mexicanos fuera de control\u201d.<\/p>\n\n\n\n<p>El republicano Ron DeSantis, quien ha mostrado su inter\u00e9s por ser candidato a la presidencia de Estados Unidos, se lanz\u00f3 contra L\u00f3pez Obrador y afirm\u00f3 que tiene \u201cun desastre en sus manos\u201d, luego de que el mandatario mexicano cuestionara las duras restricciones migratorias estadounidenses.<\/p>\n\n\n\n<p>\u201cTienes a este presidente mexicano. Est\u00e1 criticando a Florida por promulgar leyes contra la inmigraci\u00f3n ilegal. Es como si tuviera un desastre en sus manos\u201d, se\u00f1al\u00f3.<\/p>\n\n\n\n<p>Adem\u00e1s, durante su intervenci\u00f3n en Fort Myers, DeSantis recalc\u00f3 que los c\u00e1rteles mexicanos \u201cest\u00e1n totalmente fuera de control, que controlan su pa\u00eds y a todos los millones de personas pr\u00f3ximas\u201d.<\/p>\n\n\n\n<p>Sus declaraciones se dan despu\u00e9s de la pol\u00e9mica que surgi\u00f3 este jueves con el senador republicano, John Kennedy, quien dijo que los mexicanos estar\u00edan \u2018\u2019comiendo comida para gatos de una lata\u2019&#8217; si no fuera por Estados Unidos.<\/p>\n\n\n\n<p>\u201cSin el pueblo de Estados Unidos, M\u00e9xico, hablando figurativamente, estar\u00eda comiendo comida para gatos de una lata y viviendo en una carpa en un traspatio\u201d, critic\u00f3.<\/p>\n\n\n\n<p>Incluso compar\u00f3 el crecimiento econ\u00f3mico estadounidense con el mexicano y destac\u00f3 que \u201cnuestra econom\u00eda es de 23 millones de d\u00f3lares\u201d, mientras que la de M\u00e9xico es de 1.3 trillones de d\u00f3lares.<\/p>\n\n\n\n<p>\u201cNuestro pa\u00eds es 18 veces m\u00e1s grande, compramos 400 billones de d\u00f3lares todos los a\u00f1os a M\u00e9xico\u201d, recalc\u00f3.<\/p>\n\n\n\n<p>En d\u00edas pasados, John Kennedy, junto a senadores republicanos, promovi\u00f3 una iniciativa para que fuerzas armadas de Estados Unidos combatan a los c\u00e1rteles mexicanos.<\/p>\n\n\n\n<p>\u201cDeSantis, un pol\u00edtico m\u00e1s efectivo que Trump, podr\u00eda da\u00f1ar m\u00e1s las prioridades liberales que Trump, pero Trump har\u00e1 m\u00e1s da\u00f1o a la democracia misma\u201d, explic\u00f3 un experto.<\/p>\n\n\n\n<p>El especialista apunta que DeSantis firm\u00f3 una ley llamada \u201cno digas gay\u201d, que proh\u00edbe en las escuelas primarias tratar temas relativos a la orientaci\u00f3n sexual. Fue contrario al uso obligatorio de m\u00e1scaras durante la pandemia, pero \u00e9l \u2013a diferencia de Trump\u2013 las usaba.<\/p>\n\n\n\n<p>Prohibi\u00f3 los abortos despu\u00e9s de 15 semanas de embarazo, aunque se ha negado a apoyar la prohibici\u00f3n total del aborto. En cuanto a M\u00e9xico, como pa\u00eds, no est\u00e1 en el radar de Ron DeSantis.<\/p>\n\n\n\n<p>Ah\u00ed hay una diferencia notable con Trump, dijo el experto, que propuso en dos ocasiones bombardear M\u00e9xico y sus consejeros de seguridad lo frenaron, y detesta a los mexicanos.<\/p>\n\n\n\n<p>(Informaci\u00f3n de \u201cEl Financiero\u201d)<\/p>\n","protected":false},"excerpt":{"rendered":"<p>Redacci\u00f3n\/Zona Roja Cdmx. Ciudad de M\u00e9xico, a 13 de mayo de 2023.- El gobernador del&hellip;<\/p>\n","protected":false},"author":2,"featured_media":55220,"comment_status":"closed","ping_status":"open","sticky":false,"template":"","format":"standard","meta":{"_lmt_disableupdate":"","_lmt_disable":"","_jetpack_memberships_contains_paid_content":false,"footnotes":""},"categories":[109,47],"tags":[3541],"class_list":["post-55219","post","type-post","status-publish","format-standard","has-post-thumbnail","hentry","category-minuto-a-minuto","category-zona-gris","tag-ron-de-santis-florida"],"jetpack_featured_media_url":"https:\/\/zonaroja.com.mx\/wp-content\/uploads\/2023\/05\/De-santis-Florida-gobernador.jpeg","jetpack_sharing_enabled":true,"_links":{"self":[{"href":"https:\/\/zonaroja.com.mx\/index.php?rest_route=\/wp\/v2\/posts\/55219","targetHints":{"allow":["GET"]}}],"collection":[{"href":"https:\/\/zonaroja.com.mx\/index.php?rest_route=\/wp\/v2\/posts"}],"about":[{"href":"https:\/\/zonaroja.com.mx\/index.php?rest_route=\/wp\/v2\/types\/post"}],"author":[{"embeddable":true,"href":"https:\/\/zonaroja.com.mx\/index.php?rest_route=\/wp\/v2\/users\/2"}],"replies":[{"embeddable":true,"href":"https:\/\/zonaroja.com.mx\/index.php?rest_route=%2Fwp%2Fv2%2Fcomments&post=55219"}],"version-history":[{"count":1,"href":"https:\/\/zonaroja.com.mx\/index.php?rest_route=\/wp\/v2\/posts\/55219\/revisions"}],"predecessor-version":[{"id":55221,"href":"https:\/\/zonaroja.com.mx\/index.php?rest_route=\/wp\/v2\/posts\/55219\/revisions\/55221"}],"wp:featuredmedia":[{"embeddable":true,"href":"https:\/\/zonaroja.com.mx\/index.php?rest_route=\/wp\/v2\/media\/55220"}],"wp:attachment":[{"href":"https:\/\/zonaroja.com.mx\/index.php?rest_route=%2Fwp%2Fv2%2Fmedia&parent=55219"}],"wp:term":[{"taxonomy":"category","embeddable":true,"href":"https:\/\/zonaroja.com.mx\/index.php?rest_route=%2Fwp%2Fv2%2Fcategories&post=55219"},{"taxonomy":"post_tag","embeddable":true,"href":"https:\/\/zonaroja.com.mx\/index.php?rest_route=%2Fwp%2Fv2%2Ftags&post=55219"}],"curies":[{"name":"wp","href":"https:\/\/api.w.org\/{rel}","templated":true}]}}