{"id":55222,"date":"2023-05-13T19:50:14","date_gmt":"2023-05-14T00:50:14","guid":{"rendered":"http:\/\/www.zonaroja.com.mx\/?p=55222"},"modified":"2023-05-13T19:50:16","modified_gmt":"2023-05-14T00:50:16","slug":"reporta-fiscalia-de-oaxaca-mas-logros-en-casos-de-violencia-contra-mujeres","status":"publish","type":"post","link":"https:\/\/zonaroja.com.mx\/?p=55222","title":{"rendered":"Reporta Fiscal\u00eda de Oaxaca m\u00e1s logros en casos de violencia contra mujeres"},"content":{"rendered":"\n<p>Redacci\u00f3n\/Zona Roja.<\/p>\n\n\n\n<p>Oaxaca de Ju\u00e1rez, Oax., a 13 de abril de 2023.- El trabajo de investigaci\u00f3n ce\u00f1ido a la perspectiva de g\u00e9nero por delitos cometidos en contra de mujeres, permiti\u00f3 que la Fiscal\u00eda General del Estado de Oaxaca (FEO) obtuviera auto de vinculaci\u00f3n a proceso en contra de una persona del sexo masculino identificada como A. M. R. R., por el delito de feminicidio cometido en contra de E. S. A., ocurrido en la regi\u00f3n de la Costa.<\/p>\n\n\n\n<p>Los hechos sucedieron el 4 de mayo de 2023, cuando la v\u00edctima se encontraba en la calle Universidad de la colonia Centro, en el municipio de Santa Mar\u00eda Colotepec, momento en que fue agredida con arma de fuego, sufriendo heridas que le provocaron la muerte.<\/p>\n\n\n\n<p>Despu\u00e9s del ataque, como primer respondiente, intervino la Polic\u00eda Municipal de la citada localidad, la cual detuvo al ahora imputado y lo puso a disposici\u00f3n de la Fiscal\u00eda de Oaxaca.<\/p>\n\n\n\n<p>La Vicefiscal\u00eda Regional de la Costa se hizo cargo del caso y present\u00f3 a A. M. R. R. ante el Juez que atiende la causa, quien evalu\u00f3 los elementos de prueba que permitieron que se dictara auto de vinculaci\u00f3n a proceso en contra del imputado, adem\u00e1s que se impuso prisi\u00f3n preventiva y otorg\u00f3 cuatro meses para el cierre de investigaci\u00f3n.<\/p>\n\n\n\n<p>La aplicaci\u00f3n del Protocolo de Actuaci\u00f3n Ministerial, Pericial y Policial en el Delito de Feminicidio para el Estado de Oaxaca en las investigaciones de esta naturaleza, le permiten a la GEO atender las particularidades de cada caso y la v\u00edctima para generar las condiciones \u00f3ptimas en el proceso de procuraci\u00f3n de justicia.<\/p>\n\n\n\n<p>EN HUATULCO<\/p>\n\n\n\n<p>En otro caso, la Fiscal\u00eda General ejecut\u00f3 una orden de aprehensi\u00f3n en contra de A. C. J., por el delito de abuso sexual agravado, cometido en agravio de una adolescente, en hechos ocurridos en la regi\u00f3n de la Costa.<\/p>\n\n\n\n<p>De acuerdo con el expediente penal, el suceso aconteci\u00f3 en mayo de 2017, fecha en que la v\u00edctima fue agredida cuando se encontraba en un domicilio particular en Santa Mar\u00eda Huatulco.<\/p>\n\n\n\n<p>Luego de la agresi\u00f3n, la v\u00edctima (cuya identidad est\u00e1 reservada por la ley) denunci\u00f3 el delito ante la GEO por lo que, el caso qued\u00f3 a cargo de la Vicefiscal\u00eda Regional de la Costa, que realiz\u00f3 las investigaciones pertinentes, derivadas de las cuales se liber\u00f3 la orden de aprehensi\u00f3n.<\/p>\n\n\n\n<p>Tras la ejecuci\u00f3n de la orden de aprehensi\u00f3n por la que qued\u00f3 detenido A. C. J., se le puso a disposici\u00f3n de agente del Ministerio P\u00fablico que lleva el caso, quien lo llevar\u00e1 ante el Juez que atiende la causa para determinar su situaci\u00f3n jur\u00eddica en las pr\u00f3ximas horas.<\/p>\n\n\n\n<p>En delitos sexuales cometidos en contra de ni\u00f1as y adolescentes, la Fiscal\u00eda de Oaxaca pone especial prioridad para brindar atenci\u00f3n integral a favor de las v\u00edctimas para que tengan acceso pleno a la justicia.<\/p>\n","protected":false},"excerpt":{"rendered":"<p>Redacci\u00f3n\/Zona Roja. Oaxaca de Ju\u00e1rez, Oax., a 13 de abril de 2023.- El trabajo de&hellip;<\/p>\n","protected":false},"author":2,"featured_media":44576,"comment_status":"closed","ping_status":"open","sticky":false,"template":"","format":"standard","meta":{"_lmt_disableupdate":"","_lmt_disable":"","_jetpack_memberships_contains_paid_content":false,"footnotes":""},"categories":[109,46],"tags":[494],"class_list":["post-55222","post","type-post","status-publish","format-standard","has-post-thumbnail","hentry","category-minuto-a-minuto","category-zona-blanca","tag-fiscalia-general-del-estado-de-oaxaca"],"jetpack_featured_media_url":"https:\/\/zonaroja.com.mx\/wp-content\/uploads\/2022\/08\/Detenido-aprehension-encarcelado-prision.jpg","jetpack_sharing_enabled":true,"_links":{"self":[{"href":"https:\/\/zonaroja.com.mx\/index.php?rest_route=\/wp\/v2\/posts\/55222","targetHints":{"allow":["GET"]}}],"collection":[{"href":"https:\/\/zonaroja.com.mx\/index.php?rest_route=\/wp\/v2\/posts"}],"about":[{"href":"https:\/\/zonaroja.com.mx\/index.php?rest_route=\/wp\/v2\/types\/post"}],"author":[{"embeddable":true,"href":"https:\/\/zonaroja.com.mx\/index.php?rest_route=\/wp\/v2\/users\/2"}],"replies":[{"embeddable":true,"href":"https:\/\/zonaroja.com.mx\/index.php?rest_route=%2Fwp%2Fv2%2Fcomments&post=55222"}],"version-history":[{"count":1,"href":"https:\/\/zonaroja.com.mx\/index.php?rest_route=\/wp\/v2\/posts\/55222\/revisions"}],"predecessor-version":[{"id":55223,"href":"https:\/\/zonaroja.com.mx\/index.php?rest_route=\/wp\/v2\/posts\/55222\/revisions\/55223"}],"wp:featuredmedia":[{"embeddable":true,"href":"https:\/\/zonaroja.com.mx\/index.php?rest_route=\/wp\/v2\/media\/44576"}],"wp:attachment":[{"href":"https:\/\/zonaroja.com.mx\/index.php?rest_route=%2Fwp%2Fv2%2Fmedia&parent=55222"}],"wp:term":[{"taxonomy":"category","embeddable":true,"href":"https:\/\/zonaroja.com.mx\/index.php?rest_route=%2Fwp%2Fv2%2Fcategories&post=55222"},{"taxonomy":"post_tag","embeddable":true,"href":"https:\/\/zonaroja.com.mx\/index.php?rest_route=%2Fwp%2Fv2%2Ftags&post=55222"}],"curies":[{"name":"wp","href":"https:\/\/api.w.org\/{rel}","templated":true}]}}