{"id":55224,"date":"2023-05-14T09:48:00","date_gmt":"2023-05-14T14:48:00","guid":{"rendered":"http:\/\/www.zonaroja.com.mx\/?p=55224"},"modified":"2023-05-14T07:53:47","modified_gmt":"2023-05-14T12:53:47","slug":"denuncia-seccion-22-intimidacion-de-gobierno-de-jara-y-de-amlo","status":"publish","type":"post","link":"https:\/\/zonaroja.com.mx\/?p=55224","title":{"rendered":"Denuncia Secci\u00f3n 22 intimidaci\u00f3n de gobierno de Jara y de AMLO"},"content":{"rendered":"\n<p>Ismael Garc\u00eda M.\/Zona Roja. Foto: Archivo.<\/p>\n\n\n\n<p>Oaxaca de Ju\u00e1rez, Oax., a 14 de mayo de 2023.- A unas horas de un paro laboral de 48 horas con \u201cplant\u00f3n\u201d en el centro de la ciudad de Oaxaca, la Secci\u00f3n 22 del SNTE denunci\u00f3 intimidaci\u00f3n y actos represivos por parte de los gobiernos federal y estatal.<\/p>\n\n\n\n<p>En conferencia de prensa efectuada anoche en el auditorio \u201cProf. Enedino Jim\u00e9nez\u201d de la capital, la Comisi\u00f3n Pol\u00edtica y el Comit\u00e9 Ejecutivo Seccional, encabezado por la secretaria General, Yenny Aracely P\u00e9rez, reiteraron el retraso en el pago de la quincena actual.<\/p>\n\n\n\n<p>Incluso, a quienes pagan por cheques, este fin de semana les emitieron el documento pero sin fondos.<\/p>\n\n\n\n<p>La reciente Asamblea Estatal del magisterio acord\u00f3 movilizaciones los d\u00edas 15 y 16 de mayo, con acciones estrat\u00e9gicas a nivel estatal y nacional. En el caso de Oaxaca, ser\u00e1 un paro de labores con \u201cplant\u00f3n\u201d en el centro de la ciudad de Oaxaca.<\/p>\n\n\n\n<p>\u201cSin embargo, a partir del anuncio, el gobierno federal y el estatal han intimidado a la Secci\u00f3n 22, a trav\u00e9s de la retenci\u00f3n de salarios de la quincena, toda vez que existe un acuerdo para que esta quincena se pague con anticipaci\u00f3n; a los compa\u00f1eros que se les paga con cheque, se los entregaron sin fondo.<\/p>\n\n\n\n<p>\u201cPor ello denunciamos la intimidaci\u00f3n que del presidente Andr\u00e9s Manuel L\u00f3pez Obrador y del gobernador Salom\u00f3n Jara Cruz, y del director del Sistema de Administraci\u00f3n de la N\u00f3mina Educativa, por esta acto de represivo hacia el magisterio\u201d.<\/p>\n\n\n\n<p>\u201cSin embargo, intimidaci\u00f3n no frenar\u00e1 la movilizaci\u00f3n programada. Emplazamos al gobierno federal a atender pliego de demandas de Coordinadora Nacional de Trabajadores de la Educaci\u00f3n\u201d, destac\u00f3 la dirigente de la gremial.<\/p>\n\n\n\n<p>Convoc\u00f3 a los padres de familia y a todos los maestros a sumarse de manera masiva a la jornada masiva, que inicia ma\u00f1ana lunes, tanto en la ciudad de Oaxaca como en la capital del pa\u00eds, por diversas demandas educativas, de justicia, administrativas y de infraestructura.<\/p>\n","protected":false},"excerpt":{"rendered":"<p>Ismael Garc\u00eda M.\/Zona Roja. Foto: Archivo. Oaxaca de Ju\u00e1rez, Oax., a 14 de mayo de&hellip;<\/p>\n","protected":false},"author":2,"featured_media":51983,"comment_status":"closed","ping_status":"open","sticky":false,"template":"","format":"standard","meta":{"_lmt_disableupdate":"","_lmt_disable":"","_jetpack_memberships_contains_paid_content":false,"footnotes":""},"categories":[109,47],"tags":[312],"class_list":["post-55224","post","type-post","status-publish","format-standard","has-post-thumbnail","hentry","category-minuto-a-minuto","category-zona-gris","tag-seccion-22-del-snte"],"jetpack_featured_media_url":"https:\/\/zonaroja.com.mx\/wp-content\/uploads\/2023\/02\/Reunion-Seccion-22-y-gobierno-.jpg","jetpack_sharing_enabled":true,"_links":{"self":[{"href":"https:\/\/zonaroja.com.mx\/index.php?rest_route=\/wp\/v2\/posts\/55224","targetHints":{"allow":["GET"]}}],"collection":[{"href":"https:\/\/zonaroja.com.mx\/index.php?rest_route=\/wp\/v2\/posts"}],"about":[{"href":"https:\/\/zonaroja.com.mx\/index.php?rest_route=\/wp\/v2\/types\/post"}],"author":[{"embeddable":true,"href":"https:\/\/zonaroja.com.mx\/index.php?rest_route=\/wp\/v2\/users\/2"}],"replies":[{"embeddable":true,"href":"https:\/\/zonaroja.com.mx\/index.php?rest_route=%2Fwp%2Fv2%2Fcomments&post=55224"}],"version-history":[{"count":1,"href":"https:\/\/zonaroja.com.mx\/index.php?rest_route=\/wp\/v2\/posts\/55224\/revisions"}],"predecessor-version":[{"id":55225,"href":"https:\/\/zonaroja.com.mx\/index.php?rest_route=\/wp\/v2\/posts\/55224\/revisions\/55225"}],"wp:featuredmedia":[{"embeddable":true,"href":"https:\/\/zonaroja.com.mx\/index.php?rest_route=\/wp\/v2\/media\/51983"}],"wp:attachment":[{"href":"https:\/\/zonaroja.com.mx\/index.php?rest_route=%2Fwp%2Fv2%2Fmedia&parent=55224"}],"wp:term":[{"taxonomy":"category","embeddable":true,"href":"https:\/\/zonaroja.com.mx\/index.php?rest_route=%2Fwp%2Fv2%2Fcategories&post=55224"},{"taxonomy":"post_tag","embeddable":true,"href":"https:\/\/zonaroja.com.mx\/index.php?rest_route=%2Fwp%2Fv2%2Ftags&post=55224"}],"curies":[{"name":"wp","href":"https:\/\/api.w.org\/{rel}","templated":true}]}}