{"id":55226,"date":"2023-05-14T08:16:10","date_gmt":"2023-05-14T13:16:10","guid":{"rendered":"http:\/\/www.zonaroja.com.mx\/?p=55226"},"modified":"2023-05-14T08:16:12","modified_gmt":"2023-05-14T13:16:12","slug":"estalla-otro-conflicto-agrario-en-oaxaca-por-desatencion-hay-herido-y-desaparecidos","status":"publish","type":"post","link":"https:\/\/zonaroja.com.mx\/?p=55226","title":{"rendered":"Estalla otro conflicto agrario en Oaxaca por desatenci\u00f3n; hay herido y desaparecidos"},"content":{"rendered":"\n<p>Ismael Garc\u00eda M.\/Zona Roja.<\/p>\n\n\n\n<p>Oaxaca de Ju\u00e1rez, Oax., a 14 de mayo de 2023.- Un en\u00e9simo conflicto agrario estall\u00f3 en Oaxaca, con enfrentamiento armado y saldos violentos.<\/p>\n\n\n\n<p>Inici\u00f3 desde el jueves entre comunidades de los municipios de Santa Cruz Zenzontepec, de la regi\u00f3n Sierra Sur, y Santiago Ixtayutla, de la regi\u00f3n Costa.<\/p>\n\n\n\n<p>El saldo hasta ayer por la tarde era de una persona lesionada de bala, varias desaparecidas y un activista defensor de los derechos humanos en riesgo, identificado como Cristian Ch\u00e1vez Gonz\u00e1lez.<\/p>\n\n\n\n<p>Seg\u00fan Ixtayutla, la refriega inici\u00f3 por parte de Zenzontepec contra la comunidad de San Lucas Atoyaquillo, mientras realizaban trabajos de deslinde, en el marco de un conflicto agrario.<\/p>\n\n\n\n<p>A trav\u00e9s de un comunicado, el Consejo Nacional Ind\u00edgena (CNI) exigi\u00f3 a las autoridades estatales y federales, la intervenci\u00f3n urgente para resguardar a uno de sus integrantes y activista, quien colaboraba en las labores t\u00e9cnicas.<\/p>\n\n\n\n<p>\u201cSe\u00f1alamos la omisi\u00f3n de autoridades de la Polic\u00eda Estatal; s\u00f3lo intervinieron para rescatar a sus elementos, dejando en desprotecci\u00f3n y alto riesgo a la comunidad de San Lucas Atoyaquillo y a personas defensoras\u201d, expuso.<\/p>\n\n\n\n<p>Los habitantes de San Lucas Atoyaquillo tuvieron que refugiarse en la comunidad Corral de Piedra, ante las agresiones armadas, que dejaron como saldo un polic\u00eda local lesionado de bala.<\/p>\n\n\n\n<p>Por su parte, la Red Todos los Derechos para Todas y Todos se\u00f1al\u00f3 que San Lucas Atoyaquillo inform\u00f3 con anticipaci\u00f3n a la Secretar\u00eda de Seguridad y Protecci\u00f3n Ciudadana estatal y a la Guardia Nacional de los trabajos que se realizar\u00edan la tarde del viernes, no obstante ninguna corporaci\u00f3n acudi\u00f3 a la zona.<\/p>\n\n\n\n<p>\u201cL m\u00e1s grave fue que aun cuando se dio este ataque, el cual dur\u00f3 de las 16 horas del viernes hasta la madrugada de ayer, no hubo intervenci\u00f3n de las fuerzas de seguridad estatal o federal, s\u00f3lo se report\u00f3 que la Polic\u00eda Estatal arrib\u00f3 para el rescatar a agentes municipales\u201d.<\/p>\n","protected":false},"excerpt":{"rendered":"<p>Ismael Garc\u00eda M.\/Zona Roja. Oaxaca de Ju\u00e1rez, Oax., a 14 de mayo de 2023.- Un&hellip;<\/p>\n","protected":false},"author":2,"featured_media":55227,"comment_status":"closed","ping_status":"open","sticky":false,"template":"","format":"standard","meta":{"_lmt_disableupdate":"","_lmt_disable":"","_jetpack_memberships_contains_paid_content":false,"footnotes":""},"categories":[109,47],"tags":[3542,2464],"class_list":["post-55226","post","type-post","status-publish","format-standard","has-post-thumbnail","hentry","category-minuto-a-minuto","category-zona-gris","tag-santa-cruz-zenzontepec","tag-santiago-ixtayutla"],"jetpack_featured_media_url":"https:\/\/zonaroja.com.mx\/wp-content\/uploads\/2023\/05\/Conflicto-Zenzontepec-e-Ixtayutla.jpg","jetpack_sharing_enabled":true,"_links":{"self":[{"href":"https:\/\/zonaroja.com.mx\/index.php?rest_route=\/wp\/v2\/posts\/55226","targetHints":{"allow":["GET"]}}],"collection":[{"href":"https:\/\/zonaroja.com.mx\/index.php?rest_route=\/wp\/v2\/posts"}],"about":[{"href":"https:\/\/zonaroja.com.mx\/index.php?rest_route=\/wp\/v2\/types\/post"}],"author":[{"embeddable":true,"href":"https:\/\/zonaroja.com.mx\/index.php?rest_route=\/wp\/v2\/users\/2"}],"replies":[{"embeddable":true,"href":"https:\/\/zonaroja.com.mx\/index.php?rest_route=%2Fwp%2Fv2%2Fcomments&post=55226"}],"version-history":[{"count":1,"href":"https:\/\/zonaroja.com.mx\/index.php?rest_route=\/wp\/v2\/posts\/55226\/revisions"}],"predecessor-version":[{"id":55228,"href":"https:\/\/zonaroja.com.mx\/index.php?rest_route=\/wp\/v2\/posts\/55226\/revisions\/55228"}],"wp:featuredmedia":[{"embeddable":true,"href":"https:\/\/zonaroja.com.mx\/index.php?rest_route=\/wp\/v2\/media\/55227"}],"wp:attachment":[{"href":"https:\/\/zonaroja.com.mx\/index.php?rest_route=%2Fwp%2Fv2%2Fmedia&parent=55226"}],"wp:term":[{"taxonomy":"category","embeddable":true,"href":"https:\/\/zonaroja.com.mx\/index.php?rest_route=%2Fwp%2Fv2%2Fcategories&post=55226"},{"taxonomy":"post_tag","embeddable":true,"href":"https:\/\/zonaroja.com.mx\/index.php?rest_route=%2Fwp%2Fv2%2Ftags&post=55226"}],"curies":[{"name":"wp","href":"https:\/\/api.w.org\/{rel}","templated":true}]}}