{"id":5523,"date":"2019-11-07T20:13:28","date_gmt":"2019-11-08T02:13:28","guid":{"rendered":"http:\/\/www.zonaroja.com.mx\/?p=5523"},"modified":"2019-11-07T20:13:31","modified_gmt":"2019-11-08T02:13:31","slug":"retiran-bloqueo-al-crucero-del-aeropuerto-pero-se-instalaran-en-el-zocalo","status":"publish","type":"post","link":"https:\/\/zonaroja.com.mx\/?p=5523","title":{"rendered":"Retiran bloqueo al crucero del aeropuerto, pero se instalar\u00e1n en el z\u00f3calo"},"content":{"rendered":"\n<p>Redacci\u00f3n\/Zona Roja.<\/p>\n\n\n\n<p>Oaxaca de Ju\u00e1rez, Oax., 7 de noviembre\nde 2019.- Integrantes de la Asamblea de Pueblos en Defensa del Territorio, la\nEducaci\u00f3n P\u00fablica y los Derechos Humanos retiraron esta noche el bloqueo a la\nv\u00eda federal 175 a la Costa, en el crucero del aeropuerto internacional de\nOaxaca.<\/p>\n\n\n\n<p>Sin embargo, tras ello se instalar\u00e1n un\n\u201cplant\u00f3n\u201d indefinido en el z\u00f3calo de la capital, con la presencia de un mayor\nn\u00famero de personas y organizaciones sociales, que provienen de distintas\nregiones. Obtuvieron asimismo el respaldo de la Secci\u00f3n <\/p>\n\n\n\n<p>En conferencia de prensa en ese sitio,\nen que se instalaron desde ayer por la ma\u00f1ana, los representantes de diversas\nagrupaciones insistieron en que demandan el esclarecimiento de al menos 15\nasesinatos, entre ellos un feminicidio, y de cuyos casos no hay ning\u00fan avance.<\/p>\n\n\n\n<p>\u201cLa justicia se ha muerto, ha sido\nasesinada en el estado de Oaxaca por parte del fiscal Rub\u00e9n Vasconcelos; este\nse\u00f1or ha estado dando muestras de la criminalizaci\u00f3n de la protesta social, de\nla protecci\u00f3n a grupos paramilitares y de la delincuencia, se sospecha que\ntiene v\u00ednculos con el crimen organizado\u201d, dijo uno de los dirigentes, Samuel\nHern\u00e1ndez Morales.<\/p>\n\n\n\n<p>Indic\u00f3 que reiteran su demanda a la\nFiscal\u00eda General de la Rep\u00fablica \u201cpara que <\/p>\n\n\n\n<p>investigue al fiscal por una serie de\nhechos. En los casos que denunciamos se han aportado todas las pruebas y\ndenuncias para que se puedan castigar a los criminales pero la fiscal\u00eda\nencabezada por Rub\u00e9n Vasconcelos le ha estado dando una protecci\u00f3n absoluta\u201d.<\/p>\n\n\n\n<p>Reprocharon el intento de \u201clevant\u00f3n\u201d\nayer por parte de elementos de la Agencia Estatal de Investigaciones y\nposterior detenci\u00f3n del vocero del Comit\u00e9 de Defensa de Derechos Ind\u00edgenas\n(Codedi), Fredy Garc\u00eda, de quien exigieron su libertad inmediata.<\/p>\n\n\n\n<p>Asimismo, dijo que de otras comunidades\nde la Sierra Sur viene m\u00e1s gente para reforzar el \u201cplant\u00f3n\u201d en el z\u00f3calo, donde\npermanecer\u00e1n hasta que sean atendidas todas sus demandas, principalmente en\nmateria de justicia.<\/p>\n","protected":false},"excerpt":{"rendered":"<p>Redacci\u00f3n\/Zona Roja. Oaxaca de Ju\u00e1rez, Oax., 7 de noviembre de 2019.- Integrantes de la Asamblea&hellip;<\/p>\n","protected":false},"author":2,"featured_media":5524,"comment_status":"closed","ping_status":"open","sticky":false,"template":"","format":"standard","meta":{"_lmt_disableupdate":"","_lmt_disable":"","_jetpack_memberships_contains_paid_content":false,"footnotes":""},"categories":[109,47],"tags":[970],"class_list":["post-5523","post","type-post","status-publish","format-standard","has-post-thumbnail","hentry","category-minuto-a-minuto","category-zona-gris","tag-asamblea-de-pueblos-en-defensa-del-territorio"],"jetpack_featured_media_url":"https:\/\/zonaroja.com.mx\/wp-content\/uploads\/2019\/11\/IMG_6259.jpg","jetpack_sharing_enabled":true,"_links":{"self":[{"href":"https:\/\/zonaroja.com.mx\/index.php?rest_route=\/wp\/v2\/posts\/5523","targetHints":{"allow":["GET"]}}],"collection":[{"href":"https:\/\/zonaroja.com.mx\/index.php?rest_route=\/wp\/v2\/posts"}],"about":[{"href":"https:\/\/zonaroja.com.mx\/index.php?rest_route=\/wp\/v2\/types\/post"}],"author":[{"embeddable":true,"href":"https:\/\/zonaroja.com.mx\/index.php?rest_route=\/wp\/v2\/users\/2"}],"replies":[{"embeddable":true,"href":"https:\/\/zonaroja.com.mx\/index.php?rest_route=%2Fwp%2Fv2%2Fcomments&post=5523"}],"version-history":[{"count":1,"href":"https:\/\/zonaroja.com.mx\/index.php?rest_route=\/wp\/v2\/posts\/5523\/revisions"}],"predecessor-version":[{"id":5525,"href":"https:\/\/zonaroja.com.mx\/index.php?rest_route=\/wp\/v2\/posts\/5523\/revisions\/5525"}],"wp:featuredmedia":[{"embeddable":true,"href":"https:\/\/zonaroja.com.mx\/index.php?rest_route=\/wp\/v2\/media\/5524"}],"wp:attachment":[{"href":"https:\/\/zonaroja.com.mx\/index.php?rest_route=%2Fwp%2Fv2%2Fmedia&parent=5523"}],"wp:term":[{"taxonomy":"category","embeddable":true,"href":"https:\/\/zonaroja.com.mx\/index.php?rest_route=%2Fwp%2Fv2%2Fcategories&post=5523"},{"taxonomy":"post_tag","embeddable":true,"href":"https:\/\/zonaroja.com.mx\/index.php?rest_route=%2Fwp%2Fv2%2Ftags&post=5523"}],"curies":[{"name":"wp","href":"https:\/\/api.w.org\/{rel}","templated":true}]}}