{"id":55233,"date":"2023-05-14T10:57:00","date_gmt":"2023-05-14T15:57:00","guid":{"rendered":"http:\/\/www.zonaroja.com.mx\/?p=55233"},"modified":"2023-05-14T09:04:33","modified_gmt":"2023-05-14T14:04:33","slug":"recibe-el-papa-francisco-a-presidente-de-ucrania-volodimir-zelensky","status":"publish","type":"post","link":"https:\/\/zonaroja.com.mx\/?p=55233","title":{"rendered":"Recibe el Papa Francisco a presidente de Ucrania, Volodimir Zelensky"},"content":{"rendered":"\n<p>Redacci\u00f3n\/Zona Roja Cdmx.<\/p>\n\n\n\n<p>Ciudad de M\u00e9xico, a 14 de mayo de 2023.- El&nbsp;papa Francisco&nbsp;subray\u00f3 al presidente ucraniano,&nbsp;Volodimir Zelensky, la \u00aburgente\u00bb necesidad de \u00abgestos humanos\u00bb ante la&nbsp;\u00abtragedia de millones de ucranianos\u00bb,&nbsp;mientras el mandatario destac\u00f3 que la guerra es en su pa\u00eds y el plan de paz \u00abdebe ser ucraniano\u00bb,&nbsp;en plena preparaci\u00f3n de una&nbsp;contraofensiva para recuperar&nbsp;territorios ocupados por Rusia.<\/p>\n\n\n\n<p>\u00abLe estoy agradecido por su atenci\u00f3n personal a la tragedia de millones de ucranianos\u00bb, escribi\u00f3 Zelenski en las redes sociales tras reunirse durante 40 minutos con el pont\u00edfice argentino, de 86 a\u00f1os.<\/p>\n\n\n\n<p>\u200bZelensky&nbsp;precis\u00f3 que entre los temas abordados figuraba el destino de \u00abdecenas de miles de ni\u00f1os deportados\u00bb de las zonas de su pa\u00eds ocupadas por las tropas rusas, seg\u00fan acusaciones investigadas por la justicia internacional.<\/p>\n\n\n\n<p>Agreg\u00f3 que tambi\u00e9n evoc\u00f3 el \u00abplan de paz\u00bb de diez puntos apoyado por Kiev desde hace varios meses, que&nbsp;Mosc\u00fa ha rechazado en varias ocasiones.<\/p>\n\n\n\n<p>\u00abPara m\u00ed fue un honor encontrarme con Su Santidad, pero \u00e9l conoce mi posici\u00f3n, la guerra est\u00e1 en Ucrania y el plan debe ser ucraniano. Estamos muy interesados \u200b\u200ben involucrar al Vaticano en nuestra f\u00f3rmula de paz\u201d, dijo Zelenski en un programa de la televisi\u00f3n p\u00fablica RAI al que acudi\u00f3 tras el encuentro.<\/p>\n\n\n\n<p>E insisti\u00f3: \u00abCon todo el respeto por Su Santidad, no necesitamos mediadores entre Ucrania y el agresor\u00bb porque \u00abRusia bloquear\u00eda\u00bb cualquier intento, antes de aclarar que no se trata de un veto al Vaticano o a cualquier otro pa\u00eds, sino de que no hay negociaci\u00f3n posible con el presidente ruso, Vladimir Putin, con el que no hablar\u00eda incluso si fuera necesario: \u00abNo, de qu\u00e9\u00bb, respondi\u00f3 al ser interrogado.<\/p>\n\n\n\n<p>El Vaticano indic\u00f3 que durante la audiencia ambos dirigentes se refirieron a la \u00absituaci\u00f3n humanitaria y pol\u00edtica en Ucrania\u00bb desde el inicio de la intervenci\u00f3n rusa en febrero de 2022 y que coincidieron en \u00abproseguir los esfuerzos para apoyar a la poblaci\u00f3n\u00bb.<\/p>\n\n\n\n<p>Zelensky mantuvo previamente encuentros en Roma con el presidente italiano, Sergio Mattarella, y con la jefa de gobierno, Giorgia Meloni, en medio de un fuerte dispositivo de seguridad.<\/p>\n\n\n\n<p>Se trata de su primera visita a Italia, un pa\u00eds miembro de la Uni\u00f3n Europea (UE) y la OTAN, desde el inicio de la guerra<\/p>\n\n\n\n<p>(Informaci\u00f3n de EFE y AFP en \u201cMilenio\u201d)<\/p>\n","protected":false},"excerpt":{"rendered":"<p>Redacci\u00f3n\/Zona Roja Cdmx. Ciudad de M\u00e9xico, a 14 de mayo de 2023.- El&nbsp;papa Francisco&nbsp;subray\u00f3 al&hellip;<\/p>\n","protected":false},"author":2,"featured_media":55235,"comment_status":"closed","ping_status":"open","sticky":false,"template":"","format":"standard","meta":{"_lmt_disableupdate":"","_lmt_disable":"","_jetpack_memberships_contains_paid_content":false,"footnotes":""},"categories":[109,46],"tags":[3040],"class_list":["post-55233","post","type-post","status-publish","format-standard","has-post-thumbnail","hentry","category-minuto-a-minuto","category-zona-blanca","tag-conflicto-ucrania-rusia-2"],"jetpack_featured_media_url":"https:\/\/zonaroja.com.mx\/wp-content\/uploads\/2023\/05\/Papa-y-presidente-de-Ucrania.jpg","jetpack_sharing_enabled":true,"_links":{"self":[{"href":"https:\/\/zonaroja.com.mx\/index.php?rest_route=\/wp\/v2\/posts\/55233","targetHints":{"allow":["GET"]}}],"collection":[{"href":"https:\/\/zonaroja.com.mx\/index.php?rest_route=\/wp\/v2\/posts"}],"about":[{"href":"https:\/\/zonaroja.com.mx\/index.php?rest_route=\/wp\/v2\/types\/post"}],"author":[{"embeddable":true,"href":"https:\/\/zonaroja.com.mx\/index.php?rest_route=\/wp\/v2\/users\/2"}],"replies":[{"embeddable":true,"href":"https:\/\/zonaroja.com.mx\/index.php?rest_route=%2Fwp%2Fv2%2Fcomments&post=55233"}],"version-history":[{"count":1,"href":"https:\/\/zonaroja.com.mx\/index.php?rest_route=\/wp\/v2\/posts\/55233\/revisions"}],"predecessor-version":[{"id":55236,"href":"https:\/\/zonaroja.com.mx\/index.php?rest_route=\/wp\/v2\/posts\/55233\/revisions\/55236"}],"wp:featuredmedia":[{"embeddable":true,"href":"https:\/\/zonaroja.com.mx\/index.php?rest_route=\/wp\/v2\/media\/55235"}],"wp:attachment":[{"href":"https:\/\/zonaroja.com.mx\/index.php?rest_route=%2Fwp%2Fv2%2Fmedia&parent=55233"}],"wp:term":[{"taxonomy":"category","embeddable":true,"href":"https:\/\/zonaroja.com.mx\/index.php?rest_route=%2Fwp%2Fv2%2Fcategories&post=55233"},{"taxonomy":"post_tag","embeddable":true,"href":"https:\/\/zonaroja.com.mx\/index.php?rest_route=%2Fwp%2Fv2%2Ftags&post=55233"}],"curies":[{"name":"wp","href":"https:\/\/api.w.org\/{rel}","templated":true}]}}