{"id":55240,"date":"2023-05-14T13:27:29","date_gmt":"2023-05-14T18:27:29","guid":{"rendered":"http:\/\/www.zonaroja.com.mx\/?p=55240"},"modified":"2023-05-14T15:44:16","modified_gmt":"2023-05-14T20:44:16","slug":"confirma-fiscalia-de-oaxaca-recuperacion-de-caballos-pura-sangre-que-fueron-robados","status":"publish","type":"post","link":"https:\/\/zonaroja.com.mx\/?p=55240","title":{"rendered":"Confirma Fiscal\u00eda de Oaxaca recuperaci\u00f3n de caballos pura sangre, que fueron robados"},"content":{"rendered":"\n<p>Redacci\u00f3n\/Zona Roja. <\/p>\n\n\n\n<p>Oaxaca de Ju\u00e1rez, Oax., a 14 de mayo de 2023.- Luego de realizar un cateo a un rancho ubicado en la colonia Escobillal, perteneciente a Tuxtepec, Oaxaca, la Fiscal\u00eda General del Estado (FGEO), a trav\u00e9s de la Agencia Estatal de Investigaciones (AEI), en colaboraci\u00f3n con la Polic\u00eda Estatal destacamentada en la regi\u00f3n, lograron la recuperaci\u00f3n de tres caballos robados en Tlalixta de Cabrera.<\/p>\n\n\n\n<p>Como parte de las investigaciones efectuadas por la FGEO por los delitos de homicidio calificado y abigeato registrados el pasado 12 de mayo en Tlalixtac de Cabrera, la Vicefiscal\u00eda Regional de la Cuenca tom\u00f3 el caso y tras detectar el lugar en el que se encontraban los animales, present\u00f3 las pruebas que permitieron que el juez concediera la orden de cateo.<\/p>\n\n\n\n<p>Ante ello, la noche del s\u00e1bado 13 y madrugada de este 14 de mayo se efectu\u00f3 el operativo que permiti\u00f3 la recuperaci\u00f3n de: un caballo macho color negro, raza fris\u00f3n; un caballo color bayo, raza de montura; y una yegua color blanco, adem\u00e1s de un remolque color rojo.<\/p>\n\n\n\n<p>La Vicefiscal\u00eda Regional de la Cuenca mantiene bajo resguardo a los animales, en espera de que se realicen las gestiones correspondientes para la entrega al propietario.<\/p>\n\n\n\n<p>De la misma forma, la FEO refrenda el compromiso de trabajar de manera conjunta con la sociedad en materia de procuraci\u00f3n de justicia.<\/p>\n","protected":false},"excerpt":{"rendered":"<p>Redacci\u00f3n\/Zona Roja. Oaxaca de Ju\u00e1rez, Oax., a 14 de mayo de 2023.- Luego de realizar&hellip;<\/p>\n","protected":false},"author":2,"featured_media":55243,"comment_status":"closed","ping_status":"open","sticky":false,"template":"","format":"standard","meta":{"_lmt_disableupdate":"","_lmt_disable":"","_jetpack_memberships_contains_paid_content":false,"footnotes":""},"categories":[109,46],"tags":[494],"class_list":["post-55240","post","type-post","status-publish","format-standard","has-post-thumbnail","hentry","category-minuto-a-minuto","category-zona-blanca","tag-fiscalia-general-del-estado-de-oaxaca"],"jetpack_featured_media_url":"https:\/\/zonaroja.com.mx\/wp-content\/uploads\/2023\/05\/Caballos-pura-sangre-rescatados-Tuxtepec-Tlalixtac.jpg","jetpack_sharing_enabled":true,"_links":{"self":[{"href":"https:\/\/zonaroja.com.mx\/index.php?rest_route=\/wp\/v2\/posts\/55240","targetHints":{"allow":["GET"]}}],"collection":[{"href":"https:\/\/zonaroja.com.mx\/index.php?rest_route=\/wp\/v2\/posts"}],"about":[{"href":"https:\/\/zonaroja.com.mx\/index.php?rest_route=\/wp\/v2\/types\/post"}],"author":[{"embeddable":true,"href":"https:\/\/zonaroja.com.mx\/index.php?rest_route=\/wp\/v2\/users\/2"}],"replies":[{"embeddable":true,"href":"https:\/\/zonaroja.com.mx\/index.php?rest_route=%2Fwp%2Fv2%2Fcomments&post=55240"}],"version-history":[{"count":1,"href":"https:\/\/zonaroja.com.mx\/index.php?rest_route=\/wp\/v2\/posts\/55240\/revisions"}],"predecessor-version":[{"id":55241,"href":"https:\/\/zonaroja.com.mx\/index.php?rest_route=\/wp\/v2\/posts\/55240\/revisions\/55241"}],"wp:featuredmedia":[{"embeddable":true,"href":"https:\/\/zonaroja.com.mx\/index.php?rest_route=\/wp\/v2\/media\/55243"}],"wp:attachment":[{"href":"https:\/\/zonaroja.com.mx\/index.php?rest_route=%2Fwp%2Fv2%2Fmedia&parent=55240"}],"wp:term":[{"taxonomy":"category","embeddable":true,"href":"https:\/\/zonaroja.com.mx\/index.php?rest_route=%2Fwp%2Fv2%2Fcategories&post=55240"},{"taxonomy":"post_tag","embeddable":true,"href":"https:\/\/zonaroja.com.mx\/index.php?rest_route=%2Fwp%2Fv2%2Ftags&post=55240"}],"curies":[{"name":"wp","href":"https:\/\/api.w.org\/{rel}","templated":true}]}}