{"id":55246,"date":"2023-05-14T16:45:25","date_gmt":"2023-05-14T21:45:25","guid":{"rendered":"http:\/\/www.zonaroja.com.mx\/?p=55246"},"modified":"2023-05-14T16:45:30","modified_gmt":"2023-05-14T21:45:30","slug":"hallan-muerta-a-joven-desaparecida-en-oaxaca-otros-dos-asesinados-en-istmo","status":"publish","type":"post","link":"https:\/\/zonaroja.com.mx\/?p=55246","title":{"rendered":"Hallan muerta a joven desaparecida en Oaxaca; otros dos asesinados en Istmo"},"content":{"rendered":"\n<p>Ismael Garc\u00eda M.\/Zona Roja.<\/p>\n\n\n\n<p>Oaxaca de Ju\u00e1rez, Oax., a 14 de mayo de 2023.- El estado de Oaxaca vive por tercera d\u00eda una ola de asesinatos violentos y este domingo fueron tres homicidios, entre ellos el de una mujer reportada como desaparecida.<\/p>\n\n\n\n<p>El probable feminicidio se trata de Rosal\u00eda Ram\u00edrez Yaguno, de 24 a\u00f1os de edad, quien fue vista por \u00faltima vez el pasado 11 de mayo en Santa Gertrudis, Zimatl\u00e1n, en la regi\u00f3n de Valles Centrales.<\/p>\n\n\n\n<p>De acuerdo con la ficha emitida por la Unidad de B\u00fasqueda de Personas Desaparecidas y No Localizadas, de la Fiscal\u00eda General del Estado, en ese momento vest\u00eda una camina de color negro, pantal\u00f3n de mezclilla, su\u00e9ter negro y tenis blancos, adem\u00e1s de llevar una mochila.<\/p>\n\n\n\n<p>Como se\u00f1as particulares, tiene un tatuaje en forma de hoja en la espalda y dos gatos en el tobillo izquierdo, por lo cual fue identificada este domingo, tirada en un terreno bald\u00edo del mismo municipio, a\u00fan en circunstancias no aclaradas.<\/p>\n\n\n\n<p>Mientras tanto en Juchit\u00e1n de Zaragoza, fue asesinado un migrante centroamericano.<\/p>\n\n\n\n<p>El cuerpo fue localizado a un costado de las v\u00edas del ferrocarril, a la altura de la colonia Virgen de Guadalupe, y de manera preliminar s inform\u00f3 que presenta impactos de bala en el cuerpo; hasta el momento a\u00fan no ha sido identificado.<\/p>\n\n\n\n<p>Por otra parte, tambi\u00e9n en Juchit\u00e1n de Zaragoza, al mediod\u00eda de hoy fue hallado un cuerpo sin vida, en jurisdicci\u00f3n de la colonia Lorenza Santiago; tambi\u00e9n hasta el momento no se han dado a conocer sus datos generales ni la forma en que perdi\u00f3 la vida.<\/p>\n\n\n\n<p>En tanto que en el municipio de Mat\u00edas Romero, fueron identificadas como Jes\u00fas Antonio A. y Aldo M. los dos jovenes que fueron asesinados a balazos ayer s\u00e1bado por la tarde, en el barrio Ju\u00e1rez Sur.<\/p>\n","protected":false},"excerpt":{"rendered":"<p>Ismael Garc\u00eda M.\/Zona Roja. Oaxaca de Ju\u00e1rez, Oax., a 14 de mayo de 2023.- El&hellip;<\/p>\n","protected":false},"author":2,"featured_media":55247,"comment_status":"closed","ping_status":"open","sticky":false,"template":"","format":"standard","meta":{"_lmt_disableupdate":"","_lmt_disable":"","_jetpack_memberships_contains_paid_content":false,"footnotes":""},"categories":[109,51],"tags":[3342],"class_list":["post-55246","post","type-post","status-publish","format-standard","has-post-thumbnail","hentry","category-minuto-a-minuto","category-zona-roja","tag-santa-gertrudis-zimatlan"],"jetpack_featured_media_url":"https:\/\/zonaroja.com.mx\/wp-content\/uploads\/2023\/05\/Mujer-asesinada-Zimatlan.jpg","jetpack_sharing_enabled":true,"_links":{"self":[{"href":"https:\/\/zonaroja.com.mx\/index.php?rest_route=\/wp\/v2\/posts\/55246","targetHints":{"allow":["GET"]}}],"collection":[{"href":"https:\/\/zonaroja.com.mx\/index.php?rest_route=\/wp\/v2\/posts"}],"about":[{"href":"https:\/\/zonaroja.com.mx\/index.php?rest_route=\/wp\/v2\/types\/post"}],"author":[{"embeddable":true,"href":"https:\/\/zonaroja.com.mx\/index.php?rest_route=\/wp\/v2\/users\/2"}],"replies":[{"embeddable":true,"href":"https:\/\/zonaroja.com.mx\/index.php?rest_route=%2Fwp%2Fv2%2Fcomments&post=55246"}],"version-history":[{"count":1,"href":"https:\/\/zonaroja.com.mx\/index.php?rest_route=\/wp\/v2\/posts\/55246\/revisions"}],"predecessor-version":[{"id":55248,"href":"https:\/\/zonaroja.com.mx\/index.php?rest_route=\/wp\/v2\/posts\/55246\/revisions\/55248"}],"wp:featuredmedia":[{"embeddable":true,"href":"https:\/\/zonaroja.com.mx\/index.php?rest_route=\/wp\/v2\/media\/55247"}],"wp:attachment":[{"href":"https:\/\/zonaroja.com.mx\/index.php?rest_route=%2Fwp%2Fv2%2Fmedia&parent=55246"}],"wp:term":[{"taxonomy":"category","embeddable":true,"href":"https:\/\/zonaroja.com.mx\/index.php?rest_route=%2Fwp%2Fv2%2Fcategories&post=55246"},{"taxonomy":"post_tag","embeddable":true,"href":"https:\/\/zonaroja.com.mx\/index.php?rest_route=%2Fwp%2Fv2%2Ftags&post=55246"}],"curies":[{"name":"wp","href":"https:\/\/api.w.org\/{rel}","templated":true}]}}