{"id":55249,"date":"2023-05-14T16:52:09","date_gmt":"2023-05-14T21:52:09","guid":{"rendered":"http:\/\/www.zonaroja.com.mx\/?p=55249"},"modified":"2023-05-14T16:52:11","modified_gmt":"2023-05-14T21:52:11","slug":"gobierno-de-amlo-por-felicitar-a-las-mexicanas-que-ganaron-oro-en-nado-sincronizado-sin-apoyarlas","status":"publish","type":"post","link":"https:\/\/zonaroja.com.mx\/?p=55249","title":{"rendered":"Gobierno de AMLO por felicitar a las mexicanas que ganaron oro en Nado Sincronizado, sin apoyarlas"},"content":{"rendered":"\n<p>Redacci\u00f3n\/Zona Roja Cdmx.<\/p>\n\n\n\n<p>Ciudad de M\u00e9xico, a 14 de mayo de 2023.- Ocho horas despu\u00e9s de que el Comit\u00e9 Ol\u00edmpico Mexicano (COM) inform\u00f3 que la Selecci\u00f3n Mexicana de Nado Sincronizado (Nataci\u00f3n Art\u00edstica) gan\u00f3 la medalla de oro en el Mundial de la especialidad en Egipto, el gobierno del presidente Andr\u00e9s Manuel L\u00f3pez Obrador felicit\u00f3 a las atletas.<\/p>\n\n\n\n<p>\u201cDe oro fue la hist\u00f3rica participaci\u00f3n de la selecci\u00f3n mexicana de nataci\u00f3n art\u00edstica en la copa del mundo de la especialidad en Egipto. Nuestras atletas se alzaron con el primer lugar, por delante de las selecciones de Italia y Francia. \u00a1Enhorabuena!\u201d, public\u00f3 el Gobierno de M\u00e9xico en su cuenta de Twitter.<\/p>\n\n\n\n<p>Sin embargo, el mensaje no fue bien recibido por los usuarios de dicha plataforma, pues recordaron que la autollamada \u201cCuarta Transformaci\u00f3n\u201d (4T), a trav\u00e9s de la Comisi\u00f3n Nacional del Deporte (Conade), encabezada por Ana Gabriela Guevara, no apoy\u00f3 al equipo para viajar al certamen, en el que hicieron sonar el Himno Nacional.<\/p>\n\n\n\n<p>\u201cVerg\u00fcenza debieran tener. No las apoyaron en nada, ahora s\u00ed: \u2018nuestras atletas\u2019\u201d, \u201cEl cinismo andando\u201d, \u201cNo gracias a ustedes\u2026 Que les encanta saludar con sombrero ajeno\u201d, \u201cSe cuelgan triunfos que no les corresponden\u201d, \u201c\u00bfY el apoyo, ap\u00e1?\u201d, \u201cA pesar del gobierno\u201d, \u201cVencieron a pesar de la burocracia corrupta de la CONADE\u201d, \u201cOjal\u00e1 que las chicas se nieguen a ir a Palacio Nacional cuando regresen\u201d, se lee entre las reacciones del Tweet.<\/p>\n\n\n\n<p>Hasta el momento la Conade no se ha pronunciado respecto a la victoria de las nadadoras mexicanas. Sus mensajes en redes sociales de este d\u00eda estuvieron dirigidos a deportistas de alto nivel de otras disciplinas: Mariana Garc\u00eda G\u00f3mez, halterista mexicana que gan\u00f3 la medalla de oro en el Campeonato Panamericano Sub-20 en Colombia; Floralia Estrada y \u00c1ngeles Ortiz que logran oro y plata en Grand Prix de Para Atletismo en Italia y las duplas mexicanas del Tour de Playa NORCECA en Cuba.<\/p>\n\n\n\n<p>Esta omisi\u00f3n por parte de la comisi\u00f3n no pas\u00f3 desapercibida en redes sociales. Algunos usuarios comentaron las publicaciones que la Conade hizo este s\u00e1bado para hacerlo notar.<\/p>\n\n\n\n<p>Entre los comentarios de este tipo estuvieron: Y por qu\u00e9 no se dice nada de los resultados que est\u00e1 obteniendo la Nataci\u00f3n Art\u00edstica?\u201d, \u201cLos veo muy silenciosos ante el triunfo de las nadadoras art\u00edsticas\u201d y \u201cQue tal las de Nado Sincronizado; ni con todo en contra inclusive sus propios organismos de deporte mexicano; ganaron primer lugar: son una verg\u00fcenza\u201d.<\/p>\n\n\n\n<p>Las mexicanas se impusieron este s\u00e1bado a Italia y Francia en la modalidad equipo t\u00e9cnico para obtener el preciado metal, lo que fue una gran sorpresa en el certamen, pues es la primera vez que las aztecas se suben al podio.<\/p>\n\n\n\n<p>Y es que el equipo, liderado por Nuria Diosdado y Joana Jim\u00e9nez, consiguieron un puntaje de 270.1584. Mientras que el segundo lugar obtuvo 268.8417 unidades, y el tercer pelda\u00f1o 253.5312 de calificaci\u00f3n.<\/p>\n\n\n\n<p>(Informaci\u00f3n de Infobae M\u00e9xico)<\/p>\n","protected":false},"excerpt":{"rendered":"<p>Redacci\u00f3n\/Zona Roja Cdmx. Ciudad de M\u00e9xico, a 14 de mayo de 2023.- Ocho horas despu\u00e9s&hellip;<\/p>\n","protected":false},"author":2,"featured_media":55250,"comment_status":"closed","ping_status":"open","sticky":false,"template":"","format":"standard","meta":{"_lmt_disableupdate":"","_lmt_disable":"","_jetpack_memberships_contains_paid_content":false,"footnotes":""},"categories":[109,47],"tags":[],"class_list":["post-55249","post","type-post","status-publish","format-standard","has-post-thumbnail","hentry","category-minuto-a-minuto","category-zona-gris"],"jetpack_featured_media_url":"https:\/\/zonaroja.com.mx\/wp-content\/uploads\/2023\/05\/Nadadoras-mexicanas-y-AMLO-campeonas.jpeg","jetpack_sharing_enabled":true,"_links":{"self":[{"href":"https:\/\/zonaroja.com.mx\/index.php?rest_route=\/wp\/v2\/posts\/55249","targetHints":{"allow":["GET"]}}],"collection":[{"href":"https:\/\/zonaroja.com.mx\/index.php?rest_route=\/wp\/v2\/posts"}],"about":[{"href":"https:\/\/zonaroja.com.mx\/index.php?rest_route=\/wp\/v2\/types\/post"}],"author":[{"embeddable":true,"href":"https:\/\/zonaroja.com.mx\/index.php?rest_route=\/wp\/v2\/users\/2"}],"replies":[{"embeddable":true,"href":"https:\/\/zonaroja.com.mx\/index.php?rest_route=%2Fwp%2Fv2%2Fcomments&post=55249"}],"version-history":[{"count":1,"href":"https:\/\/zonaroja.com.mx\/index.php?rest_route=\/wp\/v2\/posts\/55249\/revisions"}],"predecessor-version":[{"id":55251,"href":"https:\/\/zonaroja.com.mx\/index.php?rest_route=\/wp\/v2\/posts\/55249\/revisions\/55251"}],"wp:featuredmedia":[{"embeddable":true,"href":"https:\/\/zonaroja.com.mx\/index.php?rest_route=\/wp\/v2\/media\/55250"}],"wp:attachment":[{"href":"https:\/\/zonaroja.com.mx\/index.php?rest_route=%2Fwp%2Fv2%2Fmedia&parent=55249"}],"wp:term":[{"taxonomy":"category","embeddable":true,"href":"https:\/\/zonaroja.com.mx\/index.php?rest_route=%2Fwp%2Fv2%2Fcategories&post=55249"},{"taxonomy":"post_tag","embeddable":true,"href":"https:\/\/zonaroja.com.mx\/index.php?rest_route=%2Fwp%2Fv2%2Ftags&post=55249"}],"curies":[{"name":"wp","href":"https:\/\/api.w.org\/{rel}","templated":true}]}}