{"id":55265,"date":"2023-05-14T21:45:08","date_gmt":"2023-05-15T02:45:08","guid":{"rendered":"http:\/\/www.zonaroja.com.mx\/?p=55265"},"modified":"2023-05-14T21:45:11","modified_gmt":"2023-05-15T02:45:11","slug":"se-complica-conflicto-en-mazatlan-mixe-sigue-retenido-titular-de-seguridad-publica","status":"publish","type":"post","link":"https:\/\/zonaroja.com.mx\/?p=55265","title":{"rendered":"Se complica conflicto en Mazatl\u00e1n Mixe; sigue retenido titular de Seguridad P\u00fablica"},"content":{"rendered":"\n<p>Ismael Garc\u00eda M.\/Zona Roja.<\/p>\n\n\n\n<p>Oaxaca de Ju\u00e1rez, Oax., a 14 de mayo de 2023.- Ante la retenci\u00f3n del secretario de Seguridad del gobierno de Oaxaca, Iv\u00e1n Garc\u00eda \u00c1lvarez, y otros funcionarios, el secretario de Gobierno, Jes\u00fas Romero Lopez, se traslad\u00f3 este domingo v\u00eda a\u00e9rea a la zona.<\/p>\n\n\n\n<p>Y es que el pasado viernes se suscit\u00f3 un ataque armado de comuneros de Santo Domingo Petapa en contra de localidades de Mazatl\u00e1n Mixe, lo que dej\u00f3 como saldo ese d\u00eda una persona asesinada y tres heridas de bala; el saldo este domingo, se confirm\u00f3, aument\u00f3 a dos homicidios.<\/p>\n\n\n\n<p>Ayer por la ma\u00f1ana, el titular de la Secretar\u00eda de Seguridad y Protecci\u00f3n Ciudadana del Gobierno del Estado, junto con polic\u00edas estatales y elementos de la Guardia Nacional, acudieron a Loma de Santa Cruz, pero fueron retenidos desde ese momento, a fin de que se arregle a la brevedad el problema.<\/p>\n\n\n\n<p>Con respecto a la situaci\u00f3n el \u00e1rea de comunicaci\u00f3n social no ha emitido ninguna informaci\u00f3n al respecto y s\u00f3lo v\u00eda redes sociales se difundieron fotograf\u00edas tanto de la retenci\u00f3n como de la aeronave en que viaja Romero L\u00f3pez.&nbsp;<\/p>\n\n\n\n<p>La disputa agraria entre pueblos de Mazatl\u00e1n Mixe y de Santo Domingo Petapa es de al menos 26 mil 800 hect\u00e1reas&nbsp;<\/p>\n","protected":false},"excerpt":{"rendered":"<p>Ismael Garc\u00eda M.\/Zona Roja. Oaxaca de Ju\u00e1rez, Oax., a 14 de mayo de 2023.- Ante&hellip;<\/p>\n","protected":false},"author":2,"featured_media":55266,"comment_status":"closed","ping_status":"open","sticky":false,"template":"","format":"standard","meta":{"_lmt_disableupdate":"","_lmt_disable":"","_jetpack_memberships_contains_paid_content":false,"footnotes":""},"categories":[109,47],"tags":[933],"class_list":["post-55265","post","type-post","status-publish","format-standard","has-post-thumbnail","hentry","category-minuto-a-minuto","category-zona-gris","tag-san-juan-mazatlan-mixe"],"jetpack_featured_media_url":"https:\/\/zonaroja.com.mx\/wp-content\/uploads\/2023\/05\/Rescate-funcionarios-Oaxaca-Sego-Mazatlan-Mixe.jpeg","jetpack_sharing_enabled":true,"_links":{"self":[{"href":"https:\/\/zonaroja.com.mx\/index.php?rest_route=\/wp\/v2\/posts\/55265","targetHints":{"allow":["GET"]}}],"collection":[{"href":"https:\/\/zonaroja.com.mx\/index.php?rest_route=\/wp\/v2\/posts"}],"about":[{"href":"https:\/\/zonaroja.com.mx\/index.php?rest_route=\/wp\/v2\/types\/post"}],"author":[{"embeddable":true,"href":"https:\/\/zonaroja.com.mx\/index.php?rest_route=\/wp\/v2\/users\/2"}],"replies":[{"embeddable":true,"href":"https:\/\/zonaroja.com.mx\/index.php?rest_route=%2Fwp%2Fv2%2Fcomments&post=55265"}],"version-history":[{"count":1,"href":"https:\/\/zonaroja.com.mx\/index.php?rest_route=\/wp\/v2\/posts\/55265\/revisions"}],"predecessor-version":[{"id":55267,"href":"https:\/\/zonaroja.com.mx\/index.php?rest_route=\/wp\/v2\/posts\/55265\/revisions\/55267"}],"wp:featuredmedia":[{"embeddable":true,"href":"https:\/\/zonaroja.com.mx\/index.php?rest_route=\/wp\/v2\/media\/55266"}],"wp:attachment":[{"href":"https:\/\/zonaroja.com.mx\/index.php?rest_route=%2Fwp%2Fv2%2Fmedia&parent=55265"}],"wp:term":[{"taxonomy":"category","embeddable":true,"href":"https:\/\/zonaroja.com.mx\/index.php?rest_route=%2Fwp%2Fv2%2Fcategories&post=55265"},{"taxonomy":"post_tag","embeddable":true,"href":"https:\/\/zonaroja.com.mx\/index.php?rest_route=%2Fwp%2Fv2%2Ftags&post=55265"}],"curies":[{"name":"wp","href":"https:\/\/api.w.org\/{rel}","templated":true}]}}