{"id":55268,"date":"2023-05-14T22:41:49","date_gmt":"2023-05-15T03:41:49","guid":{"rendered":"http:\/\/www.zonaroja.com.mx\/?p=55268"},"modified":"2023-05-14T22:45:30","modified_gmt":"2023-05-15T03:45:30","slug":"y-salomon-jara-cumplio-con-dekar-a-la-corcholata-de-ebrard","status":"publish","type":"post","link":"https:\/\/zonaroja.com.mx\/?p=55268","title":{"rendered":"Y Salom\u00f3n Jara cumpli\u00f3 con dejar solo a la \u201ccorcholata\u201d de Ebrard"},"content":{"rendered":"\n<p>Ismael Garc\u00eda M.\/Zona Roja.<\/p>\n\n\n\n<p>Oaxaca de Ju\u00e1rez, Oax., a 14 de mayo de 2023.- Mientra que con la Jefa de Gobierno de la Ciudad de M\u00e9xico, Claudia Sheinbaum, el gobernador de Oaxaca, Salom\u00f3n Jara Cruz volc\u00f3 todo el aparato del Estado, a Marcelo Ebrard no le envi\u00f3 ni un representante gubernamental.<\/p>\n\n\n\n<p>La autoridad de la capital del pa\u00eds estuvo ayer s\u00e1bado en Juchit\u00e1n de Zaragoza y en Santa Mar\u00eda Huatulco, acto que fue arropado por miles de morenistas y la mayor\u00eda de los integrantes del gabinete del mandatario estatal.<\/p>\n\n\n\n<p>El pretexto para promocionar la imagen de Sheinbaum fue dar dos \u201cconferencias magistrales\u201d, acerca de su quehacer gubernamental, pero el acarreo de personas fue evidente en ambos lugares.<\/p>\n\n\n\n<p>Mientras que Marcelo Ebrard Casaub\u00f3n, arrib\u00f3 desde la tarde del viernes a la ciudad de Oaxaca y ning\u00fan funcionario estatal promocion\u00f3 que lo haya ido a recoger al aeropuerto internacional de la entidad.<\/p>\n\n\n\n<p>El secretario de Relaciones Exteriores estuvo en el teatro \u201cMacedonio Alcal\u00e1\u201d para presentar su libro \u201cEl camino de M\u00e9xico\u201d; \u00fanicamente v\u00eda redes sociales y desde las butacas, el consejero Jur\u00eddico del gobierno, Geovany V\u00e1squez Sagrero, inform\u00f3 que hab\u00eda acudido al acto en dicho recinto.<\/p>\n\n\n\n<p>M\u00e1s tarde, Ebrard presidi\u00f3 un mitin en la Alameda de Le\u00f3n, sin ning\u00fan funcionario que lo respaldara y con escasos asistentes.<\/p>\n\n\n\n<p>Mientras que ayer s\u00e1bado estuvo en Huajuapan de Le\u00f3n para inaugurar una oficina de representaci\u00f3n de la Secretar\u00eda de Relaciones Exteriores y este domingo repiti\u00f3 la misma acci\u00f3n en San Juan Bautista Tuxtepec.<\/p>\n\n\n\n<p>Tampoco en estos dos d\u00edas hubo funcionarios estatales que lo acompa\u00f1aran ni acarreados en sus eventos, que tambi\u00e9n fueron de promoci\u00f3n pol\u00edtica, m\u00e1s que de corte oficial.<\/p>\n","protected":false},"excerpt":{"rendered":"<p>Ismael Garc\u00eda M.\/Zona Roja. Oaxaca de Ju\u00e1rez, Oax., a 14 de mayo de 2023.- Mientra&hellip;<\/p>\n","protected":false},"author":2,"featured_media":55269,"comment_status":"closed","ping_status":"open","sticky":false,"template":"","format":"standard","meta":{"_lmt_disableupdate":"","_lmt_disable":"","_jetpack_memberships_contains_paid_content":false,"footnotes":""},"categories":[109,47],"tags":[889,939],"class_list":["post-55268","post","type-post","status-publish","format-standard","has-post-thumbnail","hentry","category-minuto-a-minuto","category-zona-gris","tag-marcelo-ebrard","tag-salomon-jara-cruz"],"jetpack_featured_media_url":"https:\/\/zonaroja.com.mx\/wp-content\/uploads\/2023\/05\/Marcelo-Ebrard-Oaxaca.jpeg","jetpack_sharing_enabled":true,"_links":{"self":[{"href":"https:\/\/zonaroja.com.mx\/index.php?rest_route=\/wp\/v2\/posts\/55268","targetHints":{"allow":["GET"]}}],"collection":[{"href":"https:\/\/zonaroja.com.mx\/index.php?rest_route=\/wp\/v2\/posts"}],"about":[{"href":"https:\/\/zonaroja.com.mx\/index.php?rest_route=\/wp\/v2\/types\/post"}],"author":[{"embeddable":true,"href":"https:\/\/zonaroja.com.mx\/index.php?rest_route=\/wp\/v2\/users\/2"}],"replies":[{"embeddable":true,"href":"https:\/\/zonaroja.com.mx\/index.php?rest_route=%2Fwp%2Fv2%2Fcomments&post=55268"}],"version-history":[{"count":2,"href":"https:\/\/zonaroja.com.mx\/index.php?rest_route=\/wp\/v2\/posts\/55268\/revisions"}],"predecessor-version":[{"id":55271,"href":"https:\/\/zonaroja.com.mx\/index.php?rest_route=\/wp\/v2\/posts\/55268\/revisions\/55271"}],"wp:featuredmedia":[{"embeddable":true,"href":"https:\/\/zonaroja.com.mx\/index.php?rest_route=\/wp\/v2\/media\/55269"}],"wp:attachment":[{"href":"https:\/\/zonaroja.com.mx\/index.php?rest_route=%2Fwp%2Fv2%2Fmedia&parent=55268"}],"wp:term":[{"taxonomy":"category","embeddable":true,"href":"https:\/\/zonaroja.com.mx\/index.php?rest_route=%2Fwp%2Fv2%2Fcategories&post=55268"},{"taxonomy":"post_tag","embeddable":true,"href":"https:\/\/zonaroja.com.mx\/index.php?rest_route=%2Fwp%2Fv2%2Ftags&post=55268"}],"curies":[{"name":"wp","href":"https:\/\/api.w.org\/{rel}","templated":true}]}}