{"id":55273,"date":"2023-05-15T08:03:23","date_gmt":"2023-05-15T13:03:23","guid":{"rendered":"http:\/\/www.zonaroja.com.mx\/?p=55273"},"modified":"2023-05-15T10:43:17","modified_gmt":"2023-05-15T15:43:17","slug":"opinion-y-la-seccion-22-comienza-a-cobrar-facturas-a-la-4t-oaxaquena","status":"publish","type":"post","link":"https:\/\/zonaroja.com.mx\/?p=55273","title":{"rendered":"Opini\u00f3n. Y la Secci\u00f3n 22 comienza a cobrar facturas a la 4T oaxaque\u00f1a"},"content":{"rendered":"\n<p>Ismael Garc\u00eda M.\/Zona Roja.<\/p>\n\n\n\n<p>Oaxaca de Ju\u00e1rez, Oax., a 15 de mayo de 2023.- Mientras un fr\u00edvolo director del IEEPO, Emilio Montero, y la secretaria de Educaci\u00f3n, Delfina Guzm\u00e1n, sudaban y aplaud\u00edan entusiasmados a Claudia Sheinbaum en Juchit\u00e1n, en medio de una multitud, la Secci\u00f3n 22 del SNTE explotaba contra el gobierno de la 4T en Oaxaca.<\/p>\n\n\n\n<p>Ni sufr\u00edan ni les acongojaba que, desde el viernes, la gremial hab\u00eda advertido conflictos por el pago \u201cretrasado\u201d de la primera quincena de mayo, que en realidad se deb\u00eda pagar este lunes, pero los acostumbraron a anticiparlos.<\/p>\n\n\n\n<p>El magisterio est\u00e1 despertando, despu\u00e9s de un letargo oneroso en el sexenio anterior del priista Alejandro Murat, cuya dirigencia que encabez\u00f3 Eloy L\u00f3pez Hern\u00e1ndez por casi seis a\u00f1os, se caracteriz\u00f3 por nulas movilizaciones.<\/p>\n\n\n\n<p>El monstruo despert\u00f3 y el gobierno de Salom\u00f3n Jara Cruz no tiene el tino, ni la capacidad y mucho menos un plan, para frenar una probable revuelta similar a la del 2006, pues la \u201cCuarta transformaci\u00f3n\u201d est\u00e1 haciendo todo lo posible por crear un caldo de cultivo.<\/p>\n\n\n\n<p>El morenista Jara desde\u00f1a a las organizaciones sociales, que todos los d\u00edas le protestan; dice privilegiar el di\u00e1logo pero en los hechos hace todo lo contrario e, incluso, ha recurrido por lo menos en cinco ocasiones al uso de la fuerza p\u00fablica.<\/p>\n\n\n\n<p>Ni siquiera en un asunto delicado, con la soluci\u00f3n a la mano, como es el de la inseguridad en Santiago Amoltepec, ha logrado resolver, lo cual irrit\u00f3 m\u00e1s al magisterio.<\/p>\n\n\n\n<p>Y la Secci\u00f3n 22 va por la revancha, pues tiene fresca en la memoria el d\u00eda en que Jara Cruz, como candidato a gobernador, se reuni\u00f3 en Estados Unidos con los migrantes y se expres\u00f3 despectivamente de los maestros.<\/p>\n\n\n\n<p>TRASPI\u00c9 LETAL<\/p>\n\n\n\n<p>Fue el 22 de marzo de 2022, hace poco m\u00e1s de un a\u00f1o, en que el entonces candidato a titular del Ejecutivo se reuni\u00f3 con oaxaque\u00f1os radicados en California, Estado Unidos.<\/p>\n\n\n\n<p>\u201cEs un crimen tener a nuestros hijos, a nuestros nietos, a los que vienen atr\u00e1s, con una mala educaci\u00f3n, con una formaci\u00f3n acad\u00e9mica de las m\u00e1s atrasadas\u201d, dijo durante el encuentro en un restaurante.<\/p>\n\n\n\n<p>Pero no repar\u00f3 que era grabado en video, mismo que se difundi\u00f3 masivamente y lo que gener\u00f3 tenue reclamo de la dirigencia magisterial encabezada por Eloy L\u00f3pez.<\/p>\n\n\n\n<p>Pero, como dice la Secci\u00f3n 22, \u201cla cuenta est\u00e1 pendiente\u201d, y es hora de cobrar los agravios, habida cuenta que hay una serie de demandas pendientes, pero, adem\u00e1s, el propio gobierno de Salom\u00f3n Jara Cruz est\u00e1 haciendo todo lo posible por crear las condiciones para una revuelta, desde el magisterio.<\/p>\n\n\n\n<p>NUEVO MAGISTERIO<\/p>\n\n\n\n<p>La dirigencia que encabeza la ind\u00edgena Mixe Yenny Aracely P\u00e9rez fue designada el 27 de noviembre en una asamblea que dur\u00f3 al menos cinco d\u00edas, en que se analizaron diversas tem\u00e1ticas.<\/p>\n\n\n\n<p>Por cierto, desde entonces se determin\u00f3 indagar al Comit\u00e9 Ejecutivo que encabez\u00f3 el mixteco Eloy L\u00f3pez Hern\u00e1ndez, aunque hasta el momento no ha prosperado y actualmente el ex dirigente vive con toda tranquilidad la presidencia municipal en San Juan Teita.<\/p>\n\n\n\n<p>Si bien no tiene una contundencia en su mensaje ni firmeza en su postura, Yenny Aracely P\u00e9rez, azuzada por otros l\u00edderes de la gremial, ha reanunado las movilizaciones masivas, aprovechando tambi\u00e9n el descenso de casos de Covid-19, argumento que hab\u00eda tomado Eloy L\u00f3pez para no movilizar a las bases.<\/p>\n\n\n\n<p>El 1 de mayo fue una de esas marchas fuertes, en que entregaron el pliego petitorio al gobierno de Salom\u00f3n Jara Cruz, quien los recibi\u00f3 en el Palacio de Gobierno.<\/p>\n\n\n\n<p>El magisterio dio un plazo de cinco d\u00edas, para obtener las respuestas a dichas demandas, de car\u00e1cter educativo, de justicia, de infraestructura, entre otros; el gobernador cumpli\u00f3, pero a medias, o mejor dicho de manera m\u00ednima.<\/p>\n\n\n\n<p>El fin de semana siguiente sesion\u00f3 la Asamblea Plenaria, que declar\u00f3 como insuficientes las respuestas; el mandatario s\u00f3lo ofrece mesas de trabajo de an\u00e1lisis.<\/p>\n\n\n\n<p>El magisterio analiz\u00f3 por sectores dichas respuestas y este lunes, en Asamblea Estatal, oficializar\u00e1n el rechazo a dicha medida.<\/p>\n\n\n\n<p>El jueves pasado, en su programa de televisi\u00f3n \u201cGozona\u201d, Jara Cruz dijo que no entend\u00eda por qu\u00e9 se declaraban insuficientes las respuestas al pliego petitorio, si hab\u00eda atenci\u00f3n y adem\u00e1s la mayor\u00eda de las demandas correspond\u00edan al gobierno federal.<\/p>\n\n\n\n<p>En la v\u00edspera y entrevistado en la calle, el director del IEEPO, Emilio Montero P\u00e9rez, declar\u00f3 que todo estaba bien, que no hab\u00eda problema, que de manera hist\u00f3rica, cada a\u00f1o, declaraban las respuestas al pliego como m\u00ednimas o insuficientes.<\/p>\n\n\n\n<p>CALDO DE CULTIVO<\/p>\n\n\n\n<p>Pero, insistimos, el propio caldo de cultivo lo ha creado el gobierno de la autollamada \u201cCuarta transformaci\u00f3n\u201d en Oaxaca y lo inici\u00f3 con la desatenci\u00f3n a los egresados normalistas, que exigen una plaza de maestro, de manera directa, sin condiciones.<\/p>\n\n\n\n<p>Dos meses estuvieron en \u201cplant\u00f3n\u201d en pleno Centro Hist\u00f3rico, movilizaci\u00f3n que incluy\u00f3 vandalismo al estilo del 2006, con \u201ctoma\u201d de autobuses y de oficinas educativas, secuestro de trabajadores, cierre de calles, incendio de llantas en el z\u00f3calo y otras calles, as\u00ed como da\u00f1os al Palacio de Gobierno.<\/p>\n\n\n\n<p>El gobierno de Jara tuvo que aceptar torcer la ley para beneficiar a unos mil normalistas egresados pero hasta el momento no hay soluci\u00f3n definitiva.<\/p>\n\n\n\n<p>A finales de abril, unos 450 docentes asignados a Santiago Amoltepec tuvieron que salir huyendo de ese municipio, ante la grave inseguridad; se instalaron en sedes magisteriales en la capital, para exigir presencia policiaca.<\/p>\n\n\n\n<p>Pero el gobierno, a trav\u00e9s de la Secretar\u00eda de Seguridad, los ha tra\u00eddo s\u00f3lo en mesas de trabajo, con burlas, lo que ha generado protestas que, en este caso, no han derivado en vandalismo.<\/p>\n\n\n\n<p>En el colmo, la autoridad estatal no tuvo la capacidad de cumplir con la costumbre de pagar la quincena unos d\u00edas antes del vencimiento, y eso mereci\u00f3 hasta un fuerte pronunciamiento de la Comisi\u00f3n Pol\u00edtica, el pasado s\u00e1bado.<\/p>\n\n\n\n<p>Una propuesta nefasta, del Presidente Andr\u00e9s Manuel L\u00f3pez Obrador, de transferir de la SEP la unidad de educaci\u00f3n ind\u00edgena al Instituto Nacional de Pueblos Ind\u00edgenas, ha comenzado tambi\u00e9n a generar una serie de inconformidades, que seguir\u00e1n creciendo.<\/p>\n\n\n\n<p>La carta fuerte del magisterio, el Plan para la Transformaci\u00f3n de la Educaci\u00f3n, y la abrogaci\u00f3n de reformas educativas de 2015 \u2014que desataron otra revuelta ese a\u00f1o y en 2016\u2014, ser\u00e1n el tal\u00f3n de Aquiles del gobierno estatal y del federal.<\/p>\n\n\n\n<p>Por cierto, el Presidente Andr\u00e9s Manuel L\u00f3pez Obrador tampoco ha contribuido a desactivar a la Coordinadora Nacional de Trabajadores de la Educaci\u00f3n, que esta semana inician tambi\u00e9n una protesta en la capital del pa\u00eds.<\/p>\n\n\n\n<p>\u00bfA DREDE?<\/p>\n\n\n\n<p>No tiene el gobierno de Oaxaca la capacidad para resolver esta semana las m\u00faltiples demandas del magisterio; no cuenta con operadores avezados para enlazar a la Comisi\u00f3n Pol\u00edtica y mucho menos hay un director eficaz en el IEEPO que sea factor de di\u00e1logo, pues adem\u00e1s Emilio Montero est\u00e1 dedicado a actos proselitistas.<\/p>\n\n\n\n<p>La Secretar\u00eda General de Gobierno que presiden Jes\u00fas Romero &#8211;ahogado por m\u00faltiples protestas&#8211; simplemente no es tomada en cuenta por el magisterio para este tipo de di\u00e1logos, pues su exigencia directa es con el gobernador.<\/p>\n\n\n\n<p>Todo ello, aunado a las escasas respuestas a demandas que s\u00ed pudieron atenderse a tiempo, tienen al mandatario Salom\u00f3n Jara Cruz entre la espada y la pared, con muy escaso margen de maniobra. Una revuelta social similar a la del 2006 ser\u00e1 por incompetencia y desatenci\u00f3n adrede por parte del gobierno, m\u00e1s que decisi\u00f3n de cerca de 100 mil trabajadores de la educaci\u00f3n.<\/p>\n","protected":false},"excerpt":{"rendered":"<p>Ismael Garc\u00eda M.\/Zona Roja. Oaxaca de Ju\u00e1rez, Oax., a 15 de mayo de 2023.- Mientras&hellip;<\/p>\n","protected":false},"author":2,"featured_media":41735,"comment_status":"closed","ping_status":"open","sticky":false,"template":"","format":"standard","meta":{"_lmt_disableupdate":"","_lmt_disable":"","_jetpack_memberships_contains_paid_content":false,"footnotes":""},"categories":[456,109,48],"tags":[1353],"class_list":["post-55273","post","type-post","status-publish","format-standard","has-post-thumbnail","hentry","category-columna","category-minuto-a-minuto","category-zona-critica","tag-opinion-zona-critica"],"jetpack_featured_media_url":"https:\/\/zonaroja.com.mx\/wp-content\/uploads\/2022\/05\/Opinion-Ismael-Garcia-M.jpg","jetpack_sharing_enabled":true,"_links":{"self":[{"href":"https:\/\/zonaroja.com.mx\/index.php?rest_route=\/wp\/v2\/posts\/55273","targetHints":{"allow":["GET"]}}],"collection":[{"href":"https:\/\/zonaroja.com.mx\/index.php?rest_route=\/wp\/v2\/posts"}],"about":[{"href":"https:\/\/zonaroja.com.mx\/index.php?rest_route=\/wp\/v2\/types\/post"}],"author":[{"embeddable":true,"href":"https:\/\/zonaroja.com.mx\/index.php?rest_route=\/wp\/v2\/users\/2"}],"replies":[{"embeddable":true,"href":"https:\/\/zonaroja.com.mx\/index.php?rest_route=%2Fwp%2Fv2%2Fcomments&post=55273"}],"version-history":[{"count":2,"href":"https:\/\/zonaroja.com.mx\/index.php?rest_route=\/wp\/v2\/posts\/55273\/revisions"}],"predecessor-version":[{"id":55286,"href":"https:\/\/zonaroja.com.mx\/index.php?rest_route=\/wp\/v2\/posts\/55273\/revisions\/55286"}],"wp:featuredmedia":[{"embeddable":true,"href":"https:\/\/zonaroja.com.mx\/index.php?rest_route=\/wp\/v2\/media\/41735"}],"wp:attachment":[{"href":"https:\/\/zonaroja.com.mx\/index.php?rest_route=%2Fwp%2Fv2%2Fmedia&parent=55273"}],"wp:term":[{"taxonomy":"category","embeddable":true,"href":"https:\/\/zonaroja.com.mx\/index.php?rest_route=%2Fwp%2Fv2%2Fcategories&post=55273"},{"taxonomy":"post_tag","embeddable":true,"href":"https:\/\/zonaroja.com.mx\/index.php?rest_route=%2Fwp%2Fv2%2Ftags&post=55273"}],"curies":[{"name":"wp","href":"https:\/\/api.w.org\/{rel}","templated":true}]}}