{"id":55275,"date":"2023-05-15T08:28:20","date_gmt":"2023-05-15T13:28:20","guid":{"rendered":"http:\/\/www.zonaroja.com.mx\/?p=55275"},"modified":"2023-05-15T08:28:23","modified_gmt":"2023-05-15T13:28:23","slug":"fin-de-semana-de-roja-primavera-15-muertos-dos-conflictos-agrarios-y-secretario-retenido","status":"publish","type":"post","link":"https:\/\/zonaroja.com.mx\/?p=55275","title":{"rendered":"Fin de semana de \u201croja primavera\u201d: 15 muertos, dos conflictos agrarios y secretario retenido"},"content":{"rendered":"\n<p>Ismael Garc\u00eda M.\/Zona Roja.<\/p>\n\n\n\n<p>Oaxaca de Ju\u00e1rez, Oax., a 15 de mayo de 2023.- Al menos 15 personas asesinadas, entre ellas dos mujeres y un adolescente, as\u00ed como el ataque violento a tres argentinos y la retenci\u00f3n del titular de la Secretar\u00eda de Seguridad y Protecci\u00f3n Ciudadana, es el saldo violento de fin de semana en Oaxaca.<\/p>\n\n\n\n<p>Tambi\u00e9n, en el marco de la visita proselitista de dos funcionarios del gobierno federal, Claudia Sheinbaum, el s\u00e1bado, y Marcelo Ebrard, desde el viernes hasta el domingo, quienes buscan la candidatura por Morena a la Presidencia de la Rep\u00fablica, explotaron de manera violenta dos conflictos agrarios.<\/p>\n\n\n\n<p>El viernes 1 de mayo estallaron dos problemas de tierra, uno entre comunidades de San Juan Mazatl\u00e1n Mixe con Santo Domingo Petapa, que a la fecha ha dejado como saldo dos muertos y varios retenidos.<\/p>\n\n\n\n<p>El secretario de Seguridad, el marino Iv\u00e1n Garc\u00eda \u00c1lvarez, acudi\u00f3 a la localidad Loma de la Cruz, de Mazatl\u00e1n Mixe, junto con polic\u00edas para atender las demandas, pero fue retenido desde el s\u00e1bado y hasta este momento no ha sido liberado.<\/p>\n\n\n\n<p>Ayer, el secretario de Gobierno, Jes\u00fas Romero L\u00f3pez, acudi\u00f3 a Santo Domingo Petapa para iniciar el di\u00e1logo pero hasta anoche no hab\u00eda ninguna soluci\u00f3n.<\/p>\n\n\n\n<p>Mientras que el otro conflicto entre comunidades de Santiago Ixtayutla con Santa Cruz Zenzontepec, dej\u00f3 como saldo de un enfrentamiento, un polic\u00eda municipal retenido, que luego fue liberado, y un defensor de derechos humanos en riesgo.<\/p>\n\n\n\n<p>El mismo viernes pero en Lagunas de Chacahua, tres turistas argentinos fueron atacados con machete, lo que tiene a uno de ellos herido de gravedad y trasladado a un hospital de la Ciudad de M\u00e9xico; el probable agresor fue detenido.<\/p>\n\n\n\n<p>OAXACA VIOLENTO<\/p>\n\n\n\n<p>De los cr\u00edmenes, al menos seis ocurrieron el pasado viernes, entre ellos un velador ultimado en Tlalixtac de Cabrera, para robar tres caballos pura sangre, mismos que recuper\u00f3 la Fiscal\u00eda General en la regi\u00f3n de la Cuenca.<\/p>\n\n\n\n<p>En inmediaciones de Cuil\u00e1pam de Guerrero fue ejecutado un individuo, mientras que en un domicilio de la colonia Volcanes fueron halladas dos personas asesinadas, un hombre y una mujer, el primero de ellos ex agente Estatal de Investigaciones.<\/p>\n\n\n\n<p>El s\u00e1bado sigui\u00f3 la ola violenta, con cinco personas asesinadas, entre ellas un adolescente, estudiante del Cobao, en Santiago Niltepec; dos j\u00f3venes en el municipio de Mat\u00edas Romero Avenda\u00f1o, otro en San Blas Atempa y uno m\u00e1s en Miahuatl\u00e1n de Porfirio D\u00edaz.<\/p>\n\n\n\n<p>La racha fatal continu\u00f3 el domingo 14 de mayo, con otro asesinado en Mazatl\u00e1n Mixe, derivado del conflicto agrario con Petapa; una mujer asesinada en Santa Gertrudis, Zimatl\u00e1n.<\/p>\n\n\n\n<p>Adem\u00e1s, dos personas asesinadas en Juchit\u00e1n de Zaragoza, entre ellas una de origen centroamericano. En ning\u00fan caso las autoridades estatales han reportado personas detenidas.<\/p>\n","protected":false},"excerpt":{"rendered":"<p>Ismael Garc\u00eda M.\/Zona Roja. Oaxaca de Ju\u00e1rez, Oax., a 15 de mayo de 2023.- Al&hellip;<\/p>\n","protected":false},"author":2,"featured_media":55161,"comment_status":"closed","ping_status":"open","sticky":false,"template":"","format":"standard","meta":{"_lmt_disableupdate":"","_lmt_disable":"","_jetpack_memberships_contains_paid_content":false,"footnotes":""},"categories":[109,51],"tags":[610,964],"class_list":["post-55275","post","type-post","status-publish","format-standard","has-post-thumbnail","hentry","category-minuto-a-minuto","category-zona-roja","tag-feminicidios-oaxaca","tag-violencia-oaxaca"],"jetpack_featured_media_url":"https:\/\/zonaroja.com.mx\/wp-content\/uploads\/2023\/05\/Doble-homicidio-colonia-Volcanes-ciudad-de-Oaxaca.jpg","jetpack_sharing_enabled":true,"_links":{"self":[{"href":"https:\/\/zonaroja.com.mx\/index.php?rest_route=\/wp\/v2\/posts\/55275","targetHints":{"allow":["GET"]}}],"collection":[{"href":"https:\/\/zonaroja.com.mx\/index.php?rest_route=\/wp\/v2\/posts"}],"about":[{"href":"https:\/\/zonaroja.com.mx\/index.php?rest_route=\/wp\/v2\/types\/post"}],"author":[{"embeddable":true,"href":"https:\/\/zonaroja.com.mx\/index.php?rest_route=\/wp\/v2\/users\/2"}],"replies":[{"embeddable":true,"href":"https:\/\/zonaroja.com.mx\/index.php?rest_route=%2Fwp%2Fv2%2Fcomments&post=55275"}],"version-history":[{"count":1,"href":"https:\/\/zonaroja.com.mx\/index.php?rest_route=\/wp\/v2\/posts\/55275\/revisions"}],"predecessor-version":[{"id":55276,"href":"https:\/\/zonaroja.com.mx\/index.php?rest_route=\/wp\/v2\/posts\/55275\/revisions\/55276"}],"wp:featuredmedia":[{"embeddable":true,"href":"https:\/\/zonaroja.com.mx\/index.php?rest_route=\/wp\/v2\/media\/55161"}],"wp:attachment":[{"href":"https:\/\/zonaroja.com.mx\/index.php?rest_route=%2Fwp%2Fv2%2Fmedia&parent=55275"}],"wp:term":[{"taxonomy":"category","embeddable":true,"href":"https:\/\/zonaroja.com.mx\/index.php?rest_route=%2Fwp%2Fv2%2Fcategories&post=55275"},{"taxonomy":"post_tag","embeddable":true,"href":"https:\/\/zonaroja.com.mx\/index.php?rest_route=%2Fwp%2Fv2%2Ftags&post=55275"}],"curies":[{"name":"wp","href":"https:\/\/api.w.org\/{rel}","templated":true}]}}