{"id":55277,"date":"2023-05-15T11:38:00","date_gmt":"2023-05-15T16:38:00","guid":{"rendered":"http:\/\/www.zonaroja.com.mx\/?p=55277"},"modified":"2023-05-15T08:49:14","modified_gmt":"2023-05-15T13:49:14","slug":"grave-de-salud-uno-de-los-tres-argentinos-atacados-en-oaxaca","status":"publish","type":"post","link":"https:\/\/zonaroja.com.mx\/?p=55277","title":{"rendered":"Grave de salud, uno de los tres argentinos atacados en Oaxaca"},"content":{"rendered":"\n<p>Ismael Garc\u00eda M.\/Zona Roja.<\/p>\n\n\n\n<p>Oaxaca de Ju\u00e1rez, Oax., a 15 de mayo de 2023.- Uno de los tres argentinos atacados con machete en playas de Lagunas de Chacahua, Villa de Tututepec, Oaxaca, se encuentra grave de salud, por lo cual fue trasladado ayer a la Ciudad de M\u00e9xico.<\/p>\n\n\n\n<p>En tanto, el probable agresor, que fue detenido por pescadores de la zona y que estuvo a punto de ser linchado, fue vinculado a proceso, inform\u00f3 la Fiscal\u00eda General del Estado.<\/p>\n\n\n\n<p>De acuerdo con una informaci\u00f3n publicada en el diario \u201cLa Naci\u00f3n\u201d, de Argentina, Benjam\u00edn Garamond, originario de C\u00f3rdoba fue trasladado ayer por la tarde a la capital del pa\u00eds.<\/p>\n\n\n\n<p>El joven de 23 a\u00f1os est\u00e1 en coma inducido, con un cuadro neurol\u00f3gico \u201cpreocupante\u201d, seg\u00fan cont\u00f3 a \u201cLa Naci\u00f3n\u201d su hermano, Marcos Gamond, m\u00e9dico y quien este lunes llega a la capital mexicana, report\u00f3 el diario.<\/p>\n\n\n\n<p>Santiago Lastra, amigo de Benjam\u00edn, est\u00e1 fuera de peligro. Tiene una fractura en un brazo. Su novia, Macarena Gonz\u00e1lez \u2013oriunda de la ciudad argentina de Necochea\u2013 tambi\u00e9n est\u00e1 bien, seg\u00fan la publicaci\u00f3n period\u00edstica.<\/p>\n\n\n\n<p>El ataque fue en Lagunas de Chacahua, un parque nacional con paradis\u00edacas playas y exuberante vegetaci\u00f3n al noroeste de Puerto Escondido. Los tres j\u00f3venes estaban comiendo en un kiosco del lugar cuando apareci\u00f3 un hombre \u201cde la nada\u201d y les empez\u00f3 a pegar con un machete, desde atr\u00e1s. El agresor, Cruz Irving, de 21 a\u00f1os, fue detenido en el momento. Es de Ometepec, Guerrero, y est\u00e1 a disposici\u00f3n de la justicia.<\/p>\n\n\n\n<p>\u201cEstaban ah\u00ed, el tipo apareci\u00f3 y les empez\u00f3 a pagar por la espalda, un ataque a traici\u00f3n. No hubo nada previo. La peor parte se la llev\u00f3 mi hermano\u201d, relat\u00f3 Gamond a \u201cLa Naci\u00f3n\u201d.&nbsp;<\/p>\n\n\n\n<p>Benjam\u00edn estuvo hasta la medianoche del viernes en el quir\u00f3fano. Ayer durante todo el d\u00eda realizaron tr\u00e1mites para poder hacer el traslado a Ciudad de M\u00e9xico.<\/p>\n\n\n\n<p>\u201cFue todo muy burocr\u00e1tico. El sistema de salud de M\u00e9xico es privado y hay que poner plata y plata&#8230;; la gente se comport\u00f3 muy bien, dijo.&nbsp;<\/p>\n\n\n\n<p>INDAGAN CASO<\/p>\n\n\n\n<p>Por su parte, la Fiscal\u00eda General del Estado inform\u00f3 que, ante los delitos de lesiones y homicidio en grado de tentativa cometidos contra tres personas de nacionalidad argentina identificadas con las iniciales S.L, M.E.G y B.G, lleva a una persona ante el juez, con lo que refrenda su compromiso de procurar justicia a las v\u00edctimas directas e indirectas de estos sucesos.<\/p>\n\n\n\n<p>De acuerdo con las investigaciones, los hechos ocurrieron el pasado 12 de mayo, cuando el imputado, C.I.M.F y\/o I.M.F. originario de Ometepec, Guerrero, agredi\u00f3 con un arma punzocortante (machete) a los turistas procedentes de Am\u00e9rica del Sur, cuando estaban en la localidad de La Isla, Lagunas de Chacahua, Villa de Tututepec, Oaxaca.<\/p>\n\n\n\n<p>Ante ello, las personas que estaban en el lugar aseguraron al probable responsable y posteriormente las autoridades municipales lo canalizaron a la Vicefiscal\u00eda Regional de la Costa, con sede en Puerto Escondido, donde se encuentra en calidad de presentado, a la espera que el juez resuelva su<\/p>\n\n\n\n<p>situaci\u00f3n jur\u00eddica.<\/p>\n\n\n\n<p>A la par, la Vicefiscal\u00eda Regional de la Costa ha realizado diversas diligencias de peritos especialistas m\u00e9dicos, qu\u00edmicos y criminalistas, derivado de lo cual se ha efectuado un detallado informe sobre el estado de salud de las personas agredidas, adem\u00e1s de robustecer la carpeta de investigaci\u00f3n.<\/p>\n\n\n\n<p>Es oportuno mencionar que, una de las v\u00edctimas, B.G., sufri\u00f3 traumatismo craneoencef\u00e1lico y choque hipovol\u00e9mico, por lo que se encuentra hospitalizado y se realizan las gestiones para su traslado a otro nosocomio.<\/p>\n\n\n\n<p>Para la Fiscal\u00eda de Oaxaca, la procuraci\u00f3n de justicia para las v\u00edctimas de delitos de alto impacto es fundamental, por lo que se realizan todas las acciones necesarias para esclarecer los casos, detall\u00f3 en su comunicado de prensa.<\/p>\n","protected":false},"excerpt":{"rendered":"<p>Ismael Garc\u00eda M.\/Zona Roja. Oaxaca de Ju\u00e1rez, Oax., a 15 de mayo de 2023.- Uno&hellip;<\/p>\n","protected":false},"author":2,"featured_media":55177,"comment_status":"closed","ping_status":"open","sticky":false,"template":"","format":"standard","meta":{"_lmt_disableupdate":"","_lmt_disable":"","_jetpack_memberships_contains_paid_content":false,"footnotes":""},"categories":[109,47],"tags":[3543],"class_list":["post-55277","post","type-post","status-publish","format-standard","has-post-thumbnail","hentry","category-minuto-a-minuto","category-zona-gris","tag-argentinos-atacados-en-chacahua-oaxaca"],"jetpack_featured_media_url":"https:\/\/zonaroja.com.mx\/wp-content\/uploads\/2023\/05\/Extranjeros-golpeados-Chacahua-Oaaxaca.jpg","jetpack_sharing_enabled":true,"_links":{"self":[{"href":"https:\/\/zonaroja.com.mx\/index.php?rest_route=\/wp\/v2\/posts\/55277","targetHints":{"allow":["GET"]}}],"collection":[{"href":"https:\/\/zonaroja.com.mx\/index.php?rest_route=\/wp\/v2\/posts"}],"about":[{"href":"https:\/\/zonaroja.com.mx\/index.php?rest_route=\/wp\/v2\/types\/post"}],"author":[{"embeddable":true,"href":"https:\/\/zonaroja.com.mx\/index.php?rest_route=\/wp\/v2\/users\/2"}],"replies":[{"embeddable":true,"href":"https:\/\/zonaroja.com.mx\/index.php?rest_route=%2Fwp%2Fv2%2Fcomments&post=55277"}],"version-history":[{"count":1,"href":"https:\/\/zonaroja.com.mx\/index.php?rest_route=\/wp\/v2\/posts\/55277\/revisions"}],"predecessor-version":[{"id":55278,"href":"https:\/\/zonaroja.com.mx\/index.php?rest_route=\/wp\/v2\/posts\/55277\/revisions\/55278"}],"wp:featuredmedia":[{"embeddable":true,"href":"https:\/\/zonaroja.com.mx\/index.php?rest_route=\/wp\/v2\/media\/55177"}],"wp:attachment":[{"href":"https:\/\/zonaroja.com.mx\/index.php?rest_route=%2Fwp%2Fv2%2Fmedia&parent=55277"}],"wp:term":[{"taxonomy":"category","embeddable":true,"href":"https:\/\/zonaroja.com.mx\/index.php?rest_route=%2Fwp%2Fv2%2Fcategories&post=55277"},{"taxonomy":"post_tag","embeddable":true,"href":"https:\/\/zonaroja.com.mx\/index.php?rest_route=%2Fwp%2Fv2%2Ftags&post=55277"}],"curies":[{"name":"wp","href":"https:\/\/api.w.org\/{rel}","templated":true}]}}