{"id":55279,"date":"2023-05-15T09:30:00","date_gmt":"2023-05-15T14:30:00","guid":{"rendered":"http:\/\/www.zonaroja.com.mx\/?p=55279"},"modified":"2023-05-15T09:03:45","modified_gmt":"2023-05-15T14:03:45","slug":"deja-26-personas-fallecidas-accidente-carretero-en-tamaulipas","status":"publish","type":"post","link":"https:\/\/zonaroja.com.mx\/?p=55279","title":{"rendered":"Deja 26 personas fallecidas, accidente carretero en Tamaulipas"},"content":{"rendered":"\n<p>Redacci\u00f3n\/Zona Roja Cdmx.<\/p>\n\n\n\n<p>Ciudad de M\u00e9xico, a 15 de mayo de 2023.- Autoridades de Tamaulipas actualizaron el n\u00famero de v\u00edctimas por el choque entre una camioneta tipo van y un tr\u00e1iler,&nbsp;que ocurri\u00f3 la ma\u00f1ana de este domingo.&nbsp;<\/p>\n\n\n\n<p>Mientras por la ma\u00f1ana se hablaba de 13 v\u00edctimas, el n\u00famero de personas fallecidas subi\u00f3 a 26, confirm\u00f3 la Fiscal\u00eda General de Justicia del Estado.<\/p>\n\n\n\n<p>El accidente se registr\u00f3 a las 06:30 horas de ayer, cuando la camioneta con&nbsp;placas de Nuevo Le\u00f3n,&nbsp;circulaba por kil\u00f3metro 80 de la carretera 83 del tramo que conecta la carretera Victoria-Matamoros con la Victoria-Monterrey, y fue impactada de frente por un tractocami\u00f3n.<\/p>\n\n\n\n<p>De acuerdo con los primeros peritajes, el chofer del tr\u00e1iler cargado con equipo refrigerante,&nbsp;invadi\u00f3 el carril de la camioneta que iba con rumbo a Nuevo Le\u00f3n, chocando de frente e incendi\u00e1ndose de manera inmediata, por lo que las personas no tuvieron oportunidad de sobrevivir ante tal percance.<\/p>\n\n\n\n<p>Los primeros peritajes, realizados luego que por m\u00e1s de dos horas personal de bomberos y Protecci\u00f3n Civil trabajaron para contener el fuego, indican que la camioneta tipo van,&nbsp;habr\u00eda salido de Veracruz con rumbo a Nuevo Le\u00f3n, presumi\u00e9ndose que era utilizada como transporte for\u00e1neo, pues tambi\u00e9n se habr\u00edan localizado algunos boletos, entre los restos de la unidad.<\/p>\n\n\n\n<p>Al llegar al lugar, personal de Protecci\u00f3n Civil, localiz\u00f3 en la carretera,&nbsp;ya sin vida a una mujer y un beb\u00e9 de meses, que al parecer viajaban en el trailer, por lo que se presume que el chofer viajaba con su familia.<\/p>\n\n\n\n<p>Mientras que en la camioneta tipo van, viajaban al menos 21 personas, todas ellas murieron calcinadas.<\/p>\n\n\n\n<p>(Informaci\u00f3n de Naci\u00f3n 321)<\/p>\n","protected":false},"excerpt":{"rendered":"<p>Redacci\u00f3n\/Zona Roja Cdmx. Ciudad de M\u00e9xico, a 15 de mayo de 2023.- Autoridades de Tamaulipas&hellip;<\/p>\n","protected":false},"author":2,"featured_media":55280,"comment_status":"closed","ping_status":"open","sticky":false,"template":"","format":"standard","meta":{"_lmt_disableupdate":"","_lmt_disable":"","_jetpack_memberships_contains_paid_content":false,"footnotes":""},"categories":[109,51],"tags":[3544],"class_list":["post-55279","post","type-post","status-publish","format-standard","has-post-thumbnail","hentry","category-minuto-a-minuto","category-zona-roja","tag-accidente-tamaulipas"],"jetpack_featured_media_url":"https:\/\/zonaroja.com.mx\/wp-content\/uploads\/2023\/05\/Accidente-carretero-Tamaulipas.webp","jetpack_sharing_enabled":true,"_links":{"self":[{"href":"https:\/\/zonaroja.com.mx\/index.php?rest_route=\/wp\/v2\/posts\/55279","targetHints":{"allow":["GET"]}}],"collection":[{"href":"https:\/\/zonaroja.com.mx\/index.php?rest_route=\/wp\/v2\/posts"}],"about":[{"href":"https:\/\/zonaroja.com.mx\/index.php?rest_route=\/wp\/v2\/types\/post"}],"author":[{"embeddable":true,"href":"https:\/\/zonaroja.com.mx\/index.php?rest_route=\/wp\/v2\/users\/2"}],"replies":[{"embeddable":true,"href":"https:\/\/zonaroja.com.mx\/index.php?rest_route=%2Fwp%2Fv2%2Fcomments&post=55279"}],"version-history":[{"count":1,"href":"https:\/\/zonaroja.com.mx\/index.php?rest_route=\/wp\/v2\/posts\/55279\/revisions"}],"predecessor-version":[{"id":55281,"href":"https:\/\/zonaroja.com.mx\/index.php?rest_route=\/wp\/v2\/posts\/55279\/revisions\/55281"}],"wp:featuredmedia":[{"embeddable":true,"href":"https:\/\/zonaroja.com.mx\/index.php?rest_route=\/wp\/v2\/media\/55280"}],"wp:attachment":[{"href":"https:\/\/zonaroja.com.mx\/index.php?rest_route=%2Fwp%2Fv2%2Fmedia&parent=55279"}],"wp:term":[{"taxonomy":"category","embeddable":true,"href":"https:\/\/zonaroja.com.mx\/index.php?rest_route=%2Fwp%2Fv2%2Fcategories&post=55279"},{"taxonomy":"post_tag","embeddable":true,"href":"https:\/\/zonaroja.com.mx\/index.php?rest_route=%2Fwp%2Fv2%2Ftags&post=55279"}],"curies":[{"name":"wp","href":"https:\/\/api.w.org\/{rel}","templated":true}]}}