{"id":55292,"date":"2023-05-15T18:37:18","date_gmt":"2023-05-15T23:37:18","guid":{"rendered":"http:\/\/www.zonaroja.com.mx\/?p=55292"},"modified":"2023-05-15T18:37:20","modified_gmt":"2023-05-15T23:37:20","slug":"rechaza-magisterio-de-la-cnte-aumento-salarial-de-8-2-que-anuncio-amlo","status":"publish","type":"post","link":"https:\/\/zonaroja.com.mx\/?p=55292","title":{"rendered":"Rechaza magisterio de la CNTE aumento salarial de 8.2% que anunci\u00f3 AMLO"},"content":{"rendered":"\n<p>Redacci\u00f3n\/Zona Roja Cdmx.<\/p>\n\n\n\n<p>Ciudad de M\u00e9xico, a 15 de mayo de 2023.- La Coordinadora Nacional de Trabajadores de la Educaci\u00f3n (CNTE) minimiz\u00f3 el aumento de 8.2% al salario de los maestros que anunci\u00f3 el presidente Andr\u00e9s Manuel L\u00f3pez Obrador este lunes en el marco del D\u00eda del Maestro, y rechaz\u00f3 asistir a la comida en Palacio Nacional pues \u201cno hay nada que celebrar\u201d.<\/p>\n\n\n\n<p>\u201cNo es un d\u00eda de fiesta, es de lucha y de protesta. Hoy el presidente dijo que recibiremos un incremento al salario de los maestros; nosotros decimos que esto es mentira, el incremento del salario se ve superado por la inflaci\u00f3n que es de m\u00e1s del 10 por cinto, por la p\u00e9rdida del poder adquisitivo que lleva en este sexenio m\u00e1s del 40 por ciento\u201d, acus\u00f3.<\/p>\n\n\n\n<p>\u201cEn cifras concretas, el incremento de salario, ya desglosado, no supera 6.3%\u201d, expres\u00f3 Pedro Hern\u00e1ndez, l\u00edder de la secci\u00f3n IX de la Ciudad de M\u00e9xico, durante la conferencia de prensa previa que hizo la coordinadora a la marcha que sali\u00f3 de la Escuela Normal Superior a Palacio Nacional.<\/p>\n\n\n\n<p>El l\u00edder sindical indic\u00f3 que es una tendencia igual a la que se hac\u00eda en los gobiernos priistas y panistas.<\/p>\n\n\n\n<p>Refiri\u00f3 que la protesta es porque mientras los salarios m\u00ednimos han aumentado en 150 por ciento, el salario del magisterio va a la baja.<br>Los profesores enlistaron las herramientas faltantes en las escuelas del pa\u00eds como falta de mobiliario en escuelas; servicios m\u00e9dicos de \u201cdesastre\u201d para los maestros; pensiones basadas en unidades de medida de cuenta, etc<\/p>\n\n\n\n<p>\u201cNo acudiremos a esta comida porque no tenemos nada que celebrar. Estamos representando a nuestros compa\u00f1eros, y esta movilizaci\u00f3n nacional, con 20 estados en el pa\u00eds, significa que la inconformidad magisterial sigue creciendo\u201d, dijo el representante capitalino.<\/p>\n\n\n\n<p>H\u00e9ctor Torres Solano, de la secci\u00f3n XIV de Guerrero, reiter\u00f3 la demanda de que se reinstalen las mesas de trabajo con el Gobierno de M\u00e9xico.<\/p>\n\n\n\n<p>Yenny P\u00e9rez, secretaria de la secci\u00f3n XXII de Oaxaca, sum\u00f3 el rechazo a la iniciativa con la que el Ejecutivo propone mandar la Direcci\u00f3n General de Educaci\u00f3n Ind\u00edgena, Intercultural y Biling\u00fce de la Secretar\u00eda de Educaci\u00f3n P\u00fablica (SEP) al Instituto Nacional de Pueblos Ind\u00edgenas.<\/p>\n","protected":false},"excerpt":{"rendered":"<p>Redacci\u00f3n\/Zona Roja Cdmx. Ciudad de M\u00e9xico, a 15 de mayo de 2023.- La Coordinadora Nacional&hellip;<\/p>\n","protected":false},"author":2,"featured_media":47706,"comment_status":"closed","ping_status":"open","sticky":false,"template":"","format":"standard","meta":{"_lmt_disableupdate":"","_lmt_disable":"","_jetpack_memberships_contains_paid_content":false,"footnotes":""},"categories":[109,47],"tags":[],"class_list":["post-55292","post","type-post","status-publish","format-standard","has-post-thumbnail","hentry","category-minuto-a-minuto","category-zona-gris"],"jetpack_featured_media_url":"https:\/\/zonaroja.com.mx\/wp-content\/uploads\/2022\/11\/cnte.jpg","jetpack_sharing_enabled":true,"_links":{"self":[{"href":"https:\/\/zonaroja.com.mx\/index.php?rest_route=\/wp\/v2\/posts\/55292","targetHints":{"allow":["GET"]}}],"collection":[{"href":"https:\/\/zonaroja.com.mx\/index.php?rest_route=\/wp\/v2\/posts"}],"about":[{"href":"https:\/\/zonaroja.com.mx\/index.php?rest_route=\/wp\/v2\/types\/post"}],"author":[{"embeddable":true,"href":"https:\/\/zonaroja.com.mx\/index.php?rest_route=\/wp\/v2\/users\/2"}],"replies":[{"embeddable":true,"href":"https:\/\/zonaroja.com.mx\/index.php?rest_route=%2Fwp%2Fv2%2Fcomments&post=55292"}],"version-history":[{"count":1,"href":"https:\/\/zonaroja.com.mx\/index.php?rest_route=\/wp\/v2\/posts\/55292\/revisions"}],"predecessor-version":[{"id":55293,"href":"https:\/\/zonaroja.com.mx\/index.php?rest_route=\/wp\/v2\/posts\/55292\/revisions\/55293"}],"wp:featuredmedia":[{"embeddable":true,"href":"https:\/\/zonaroja.com.mx\/index.php?rest_route=\/wp\/v2\/media\/47706"}],"wp:attachment":[{"href":"https:\/\/zonaroja.com.mx\/index.php?rest_route=%2Fwp%2Fv2%2Fmedia&parent=55292"}],"wp:term":[{"taxonomy":"category","embeddable":true,"href":"https:\/\/zonaroja.com.mx\/index.php?rest_route=%2Fwp%2Fv2%2Fcategories&post=55292"},{"taxonomy":"post_tag","embeddable":true,"href":"https:\/\/zonaroja.com.mx\/index.php?rest_route=%2Fwp%2Fv2%2Ftags&post=55292"}],"curies":[{"name":"wp","href":"https:\/\/api.w.org\/{rel}","templated":true}]}}