{"id":55294,"date":"2023-05-15T20:48:55","date_gmt":"2023-05-16T01:48:55","guid":{"rendered":"http:\/\/www.zonaroja.com.mx\/?p=55294"},"modified":"2023-05-15T20:48:59","modified_gmt":"2023-05-16T01:48:59","slug":"despues-de-sexenio-priista-con-morenista-jara-regresan-megamarcha-paro-y-planton-magisterial","status":"publish","type":"post","link":"https:\/\/zonaroja.com.mx\/?p=55294","title":{"rendered":"Despu\u00e9s de sexenio priista, con morenista Jara regresan megamarcha, paro y \u201cplant\u00f3n\u201d magisterial"},"content":{"rendered":"\n<p>Yuridiana Sosa\/Zona Roja.<\/p>\n\n\n\n<p>Oaxaca de Ju\u00e1rez, Oax., a 15 de mayo de 2023.- Tras casi un sexenio sin megamovilizaciones y \u201cplantones\u201d, la Secci\u00f3n 22 del SNTE volvi\u00f3 a mostrar su fuerza frente al Gobierno del Estado, que ahora encabeza el morenista Salom\u00f3n Jara Cruz, e inici\u00f3 un paro de labores con un \u201cplant\u00f3n\u201d de 48 horas en la capital.<\/p>\n\n\n\n<p>M\u00e1s de 40 mil docentes de la gremial adherida a la Coordinadora Nacional de Trabajadores de la Educaci\u00f3n (CNTE) realizaron una marcha en la capital con motivo del D\u00eda del Maestro, con la que protestaron por las respuestas insuficientes que el gobierno del estado ofreci\u00f3 a su pliego de peticiones.<\/p>\n\n\n\n<p>Como parte de la jornada, desde temprana hora el magisterio tambi\u00e9n comenz\u00f3 con la instalaci\u00f3n de decenas de carpas y casas de campa\u00f1as en el z\u00f3calo, pasillos del Palacio de Gobierno y calles aleda\u00f1as del Centro Hist\u00f3rico para la realizar su \u201cplant\u00f3n\u201d, como se he hab\u00eda visto en varios a\u00f1os durante el gobierno pri\u00edsta de Alejandro Murat.&nbsp;<\/p>\n\n\n\n<p>Con este movimiento, la Comisi\u00f3n Pol\u00edtica de la Secci\u00f3n 22 del SNTE se declar\u00f3 en \u201calerta m\u00e1xima\u201d, pues este d\u00eda durante asamblea estatal definir\u00e1n las rutas que seguir\u00e1n para el cumplimiento de sus derechos y demandas.<\/p>\n\n\n\n<figure class=\"wp-block-embed\"><div class=\"wp-block-embed__wrapper\">\n<div class=\"twitter-tweet\"><blockquote class=\"twitter-tweet\" data-lang=\"es\"><p lang=\"es\" dir=\"ltr\"><a href=\"https:\/\/twitter.com\/hashtag\/%C3%9AltimoMinuto?src=hash&amp;ref_src=twsrc%5Etfw\">#\u00daltimoMinuto<\/a><br>Mientras tanto, la multitudinaria marcha de la Secci\u00f3n 22 del SNTE ya inici\u00f3 del crucero a Trinidad de Viguera, al poniente de la capital oaxaque\u00f1a con rumbo al z\u00f3calo. <a href=\"https:\/\/t.co\/n6fElWGpVD\">pic.twitter.com\/n6fElWGpVD<\/a><\/p>&mdash; Zona Roja Oaxaca (@ZonaRoja_Oaxaca) <a href=\"https:\/\/twitter.com\/ZonaRoja_Oaxaca\/status\/1658149111793856512?ref_src=twsrc%5Etfw\">15 de mayo de 2023<\/a><\/blockquote><\/div>\n<\/div><\/figure>\n\n\n\n<p>El representante de Asistencia Social del Comit\u00e9 Ejecutivo Seccional, Jovani V\u00e1squez Victoria, se\u00f1al\u00f3 que no desistir\u00e1n en el cumplimiento de las demandas centrales, de las que no soluci\u00f3n de parte del gobierno de Jara Cruz.<\/p>\n\n\n\n<p>La Secci\u00f3n 22, record\u00f3, exige la abrogaci\u00f3n de las reformas educativas impuestas por Enrique Pe\u00f1a Nieto y los m\u00e1s recientes propuestas por Andr\u00e9s Manuel L\u00f3pez Obrador; dejar sin efectos la Unidad del Sistema para la Carrera de las Maestros y Maestros (Usicamm) para la contrataci\u00f3n directa; eliminar el decreto estatal de 2015 sobre el control IEEPO, y el reconocimiento del Plan para la Transformaci\u00f3n de la Educaci\u00f3n de Oaxaca (PTEO).<\/p>\n\n\n\n<p>Por su parte, el Secretario de Organizaci\u00f3n, C\u00e9sar Garc\u00eda Zurita, destac\u00f3 que el magisterio no va a ceder a la calendarizaci\u00f3n que el gobierno del estado indic\u00f3 en la respuesta al pliego de peticiones como parte de una supuesta atenci\u00f3n a sus demandas.<\/p>\n\n\n\n<p>Ser\u00e1 durante la Asamblea Estatal que el magisterio defina la ruta de lucha que seguir\u00e1n en unidad.&nbsp;<\/p>\n\n\n\n<p>En tanto, la dirigencia del Comit\u00e9 Ejecutivo Seccional encabezada por Yenni P\u00e9rez Mart\u00ednez particip\u00f3 con otra representaci\u00f3n en la marcha nacional de la CNTE en la Ciudad de M\u00e9xico.<\/p>\n\n\n\n<figure class=\"wp-block-embed\"><div class=\"wp-block-embed__wrapper\">\n<div class=\"twitter-tweet\"><blockquote class=\"twitter-tweet\" data-lang=\"es\"><p lang=\"es\" dir=\"ltr\"><a href=\"https:\/\/twitter.com\/hashtag\/%C3%9AltimoMinuto?src=hash&amp;ref_src=twsrc%5Etfw\">#\u00daltimoMinuto<\/a><br>Tras la multitudinaria marcha y mitin en el z\u00f3calo de la ciudad de Oaxaca, la Secci\u00f3n 22 del SNTE se declara en \u201calerta m\u00e1xima\u201d e inicia \u201cplant\u00f3n\u201d y paro de labores por 48 horas. <br>Hoy habr\u00e1 Asamblea Estatal, donde se definir\u00e1n nuevas acciones de protesta, ante\u2026 <a href=\"https:\/\/t.co\/OakEeGdRsL\">pic.twitter.com\/OakEeGdRsL<\/a><\/p>&mdash; Zona Roja Oaxaca (@ZonaRoja_Oaxaca) <a href=\"https:\/\/twitter.com\/ZonaRoja_Oaxaca\/status\/1658209054718849024?ref_src=twsrc%5Etfw\">15 de mayo de 2023<\/a><\/blockquote><\/div>\n<\/div><\/figure>\n","protected":false},"excerpt":{"rendered":"<p>Yuridiana Sosa\/Zona Roja. Oaxaca de Ju\u00e1rez, Oax., a 15 de mayo de 2023.- Tras casi&hellip;<\/p>\n","protected":false},"author":2,"featured_media":55295,"comment_status":"closed","ping_status":"open","sticky":false,"template":"","format":"standard","meta":{"_lmt_disableupdate":"","_lmt_disable":"","_jetpack_memberships_contains_paid_content":false,"footnotes":""},"categories":[109,47],"tags":[312],"class_list":["post-55294","post","type-post","status-publish","format-standard","has-post-thumbnail","hentry","category-minuto-a-minuto","category-zona-gris","tag-seccion-22-del-snte"],"jetpack_featured_media_url":"https:\/\/zonaroja.com.mx\/wp-content\/uploads\/2023\/05\/Megamarcha-magisterio-Seccion-22-Oaxaca.jpg","jetpack_sharing_enabled":true,"_links":{"self":[{"href":"https:\/\/zonaroja.com.mx\/index.php?rest_route=\/wp\/v2\/posts\/55294","targetHints":{"allow":["GET"]}}],"collection":[{"href":"https:\/\/zonaroja.com.mx\/index.php?rest_route=\/wp\/v2\/posts"}],"about":[{"href":"https:\/\/zonaroja.com.mx\/index.php?rest_route=\/wp\/v2\/types\/post"}],"author":[{"embeddable":true,"href":"https:\/\/zonaroja.com.mx\/index.php?rest_route=\/wp\/v2\/users\/2"}],"replies":[{"embeddable":true,"href":"https:\/\/zonaroja.com.mx\/index.php?rest_route=%2Fwp%2Fv2%2Fcomments&post=55294"}],"version-history":[{"count":1,"href":"https:\/\/zonaroja.com.mx\/index.php?rest_route=\/wp\/v2\/posts\/55294\/revisions"}],"predecessor-version":[{"id":55296,"href":"https:\/\/zonaroja.com.mx\/index.php?rest_route=\/wp\/v2\/posts\/55294\/revisions\/55296"}],"wp:featuredmedia":[{"embeddable":true,"href":"https:\/\/zonaroja.com.mx\/index.php?rest_route=\/wp\/v2\/media\/55295"}],"wp:attachment":[{"href":"https:\/\/zonaroja.com.mx\/index.php?rest_route=%2Fwp%2Fv2%2Fmedia&parent=55294"}],"wp:term":[{"taxonomy":"category","embeddable":true,"href":"https:\/\/zonaroja.com.mx\/index.php?rest_route=%2Fwp%2Fv2%2Fcategories&post=55294"},{"taxonomy":"post_tag","embeddable":true,"href":"https:\/\/zonaroja.com.mx\/index.php?rest_route=%2Fwp%2Fv2%2Ftags&post=55294"}],"curies":[{"name":"wp","href":"https:\/\/api.w.org\/{rel}","templated":true}]}}