{"id":55297,"date":"2023-05-15T21:23:05","date_gmt":"2023-05-16T02:23:05","guid":{"rendered":"http:\/\/www.zonaroja.com.mx\/?p=55297"},"modified":"2023-05-15T21:23:08","modified_gmt":"2023-05-16T02:23:08","slug":"tras-muerte-de-un-argentino-reclasifica-fiscalia-de-oaxaca-delito","status":"publish","type":"post","link":"https:\/\/zonaroja.com.mx\/?p=55297","title":{"rendered":"Tras muerte de un argentino, reclasifica Fiscal\u00eda de Oaxaca delito\u00a0"},"content":{"rendered":"\n<p>Redacci\u00f3n\/Zona Roja.<\/p>\n\n\n\n<p>Oaxaca de Ju\u00e1rez, Oax., a 15 de mayo de 2023.- Tras la muerte de uno de los tres turistas argentinos agredidos a machetazos en la Costa de Oaxaca, la Fiscal\u00eda General del Estado inform\u00f3 que reclasificar\u00e1 el delito contra el probable homicida.<\/p>\n\n\n\n<p>Adem\u00e1s, en un comunicado, dio a conocer que el presunto agresor qued\u00f3 el prisi\u00f3n preventiva, luego de que el juez de la causa calificara de legal la detenci\u00f3n de Cruz Irving M. F., originario de Ometepec, Guerrero.<\/p>\n\n\n\n<p>Y es que en un hospital de la Ciudad de M\u00e9xico, donde fue trasladado ayer, muri\u00f3 este lunes Benjam\u00edn Gamond, luego del ataque a machetazos el pasado viernes en contra de tres turistas originarios de Argentina.<\/p>\n\n\n\n<p>La agresi\u00f3n ocurri\u00f3 el pasado viernes por la tarde en una playa de Lagunas de Chacahua, municipio de Villa de Tututepec, donde adem\u00e1s resultaron lesionados&nbsp;<\/p>\n\n\n\n<p>Santiago Lastra, de 22 a\u00f1os, y Macarena Gonz\u00e1lez, de 23 a\u00f1os de edad, atendidos en un hospital de la regi\u00f3n Costa y fuera de peligro.<\/p>\n\n\n\n<p>Vecinos lograron detener a Cruz Irving M. F., de 21 a\u00f1os y originario del estado de Guerrero, a quien intentaron linchar y despu\u00e9s lo entregaron a la polic\u00eda municipal, que a su vez lo puso a disposici\u00f3n del Ministerio P\u00fablico.<\/p>\n\n\n\n<p>En un comunicado emitido esta noche, la Fiscal\u00eda General del Estado detall\u00f3 que obtuvo prisi\u00f3n preventiva y la declaratoria de legal la detenci\u00f3n de C.I.M.F y\/o I.M.F., por agresiones cometidas contra tres turistas de origen argentino.<\/p>\n\n\n\n<p>Y ante el fallecimiento de una de las v\u00edctimas, solicitar\u00e1 ante el juez la reclasificaci\u00f3n del delito de homicidio en grado de tentativa por homicidio calificado.<\/p>\n\n\n\n<p>La Vicefiscal\u00eda Regional de la Costa se encarg\u00f3 de reunir las pruebas suficientes para presentarlo ante el juez, quien calific\u00f3 este lunes como legal la detenci\u00f3n y concedi\u00f3 la medida de prisi\u00f3n preventiva, adem\u00e1s de dar el 17 de mayo de 2023 como la fecha para la audiencia de vinculaci\u00f3n a proceso.<\/p>\n\n\n\n<p>\u201cLa premisa de la Fiscal\u00eda de Oaxaca es la procuraci\u00f3n de justicia a favor de las v\u00edctimas para que se obtenga el castigo contra quien resulte responsable por la comisi\u00f3n de delitos, adem\u00e1s del resarcimiento del da\u00f1o\u201d, indic\u00f3 la instituci\u00f3n que encabeza Bernardo Rodr\u00edguez Alamilla.<\/p>\n","protected":false},"excerpt":{"rendered":"<p>Redacci\u00f3n\/Zona Roja. Oaxaca de Ju\u00e1rez, Oax., a 15 de mayo de 2023.- Tras la muerte&hellip;<\/p>\n","protected":false},"author":2,"featured_media":55298,"comment_status":"closed","ping_status":"open","sticky":false,"template":"","format":"standard","meta":{"_lmt_disableupdate":"","_lmt_disable":"","_jetpack_memberships_contains_paid_content":false,"footnotes":""},"categories":[109,51],"tags":[3054],"class_list":["post-55297","post","type-post","status-publish","format-standard","has-post-thumbnail","hentry","category-minuto-a-minuto","category-zona-roja","tag-lagunas-de-chacahua"],"jetpack_featured_media_url":"https:\/\/zonaroja.com.mx\/wp-content\/uploads\/2023\/05\/Benjamin-Gamond.jpeg","jetpack_sharing_enabled":true,"_links":{"self":[{"href":"https:\/\/zonaroja.com.mx\/index.php?rest_route=\/wp\/v2\/posts\/55297","targetHints":{"allow":["GET"]}}],"collection":[{"href":"https:\/\/zonaroja.com.mx\/index.php?rest_route=\/wp\/v2\/posts"}],"about":[{"href":"https:\/\/zonaroja.com.mx\/index.php?rest_route=\/wp\/v2\/types\/post"}],"author":[{"embeddable":true,"href":"https:\/\/zonaroja.com.mx\/index.php?rest_route=\/wp\/v2\/users\/2"}],"replies":[{"embeddable":true,"href":"https:\/\/zonaroja.com.mx\/index.php?rest_route=%2Fwp%2Fv2%2Fcomments&post=55297"}],"version-history":[{"count":1,"href":"https:\/\/zonaroja.com.mx\/index.php?rest_route=\/wp\/v2\/posts\/55297\/revisions"}],"predecessor-version":[{"id":55299,"href":"https:\/\/zonaroja.com.mx\/index.php?rest_route=\/wp\/v2\/posts\/55297\/revisions\/55299"}],"wp:featuredmedia":[{"embeddable":true,"href":"https:\/\/zonaroja.com.mx\/index.php?rest_route=\/wp\/v2\/media\/55298"}],"wp:attachment":[{"href":"https:\/\/zonaroja.com.mx\/index.php?rest_route=%2Fwp%2Fv2%2Fmedia&parent=55297"}],"wp:term":[{"taxonomy":"category","embeddable":true,"href":"https:\/\/zonaroja.com.mx\/index.php?rest_route=%2Fwp%2Fv2%2Fcategories&post=55297"},{"taxonomy":"post_tag","embeddable":true,"href":"https:\/\/zonaroja.com.mx\/index.php?rest_route=%2Fwp%2Fv2%2Ftags&post=55297"}],"curies":[{"name":"wp","href":"https:\/\/api.w.org\/{rel}","templated":true}]}}