{"id":55300,"date":"2023-05-15T23:10:22","date_gmt":"2023-05-16T04:10:22","guid":{"rendered":"http:\/\/www.zonaroja.com.mx\/?p=55300"},"modified":"2023-05-15T23:10:23","modified_gmt":"2023-05-16T04:10:23","slug":"incesante-ola-criminal-en-oaxaca-un-asesinado-en-juchitan","status":"publish","type":"post","link":"https:\/\/zonaroja.com.mx\/?p=55300","title":{"rendered":"Incesante ola criminal en Oaxaca: un asesinado en Juchit\u00e1n"},"content":{"rendered":"\n<p>Redacci\u00f3n\/Zona Roja.<\/p>\n\n\n\n<p>Oaxaca de Ju\u00e1rez, Oax., a15 de mayo de 2023.- Por cuarto d\u00eda contin\u00faa la ola criminal en el estado de Oaxaca y ahora fue en Juchit\u00e1n de Zaragoza.<\/p>\n\n\n\n<p>La ma\u00f1ana de este lunes, un individuo fue acribillado a balazos en la calle Argentina, en la Octava Secci\u00f3n.<\/p>\n\n\n\n<p>Uno o varios sujetos con armas de grueso calibre le dispararon en la v\u00eda p\u00fablica, tras lo cual huyeron; el cuerpo fue levantado por los familiares, lo que impidi\u00f3 preservar detalles de la escena del crimen.<\/p>\n\n\n\n<p>La v\u00edctima fue identificada de manera preliminar como Vicente V. S., de aproximadamente 32 los de edad y ten\u00eda su domicilio en la colonia 15 de Septiembre de Juchit\u00e1n.<\/p>\n\n\n\n<p>Junto al cuerpo se hall\u00f3 una cartulina con un mensaje amenazante; la Vicefiscal\u00eda Regional del Istmo, de la Fiscal\u00eda General del Estado, inici\u00f3 las indagatorias correspondientes.<\/p>\n","protected":false},"excerpt":{"rendered":"<p>Redacci\u00f3n\/Zona Roja. Oaxaca de Ju\u00e1rez, Oax., a15 de mayo de 2023.- Por cuarto d\u00eda contin\u00faa&hellip;<\/p>\n","protected":false},"author":2,"featured_media":55301,"comment_status":"closed","ping_status":"open","sticky":false,"template":"","format":"standard","meta":{"_lmt_disableupdate":"","_lmt_disable":"","_jetpack_memberships_contains_paid_content":false,"footnotes":""},"categories":[109,51],"tags":[123],"class_list":["post-55300","post","type-post","status-publish","format-standard","has-post-thumbnail","hentry","category-minuto-a-minuto","category-zona-roja","tag-juchitan-de-zaragoza"],"jetpack_featured_media_url":"https:\/\/zonaroja.com.mx\/wp-content\/uploads\/2023\/05\/Asesinado-Juchitan.jpg","jetpack_sharing_enabled":true,"_links":{"self":[{"href":"https:\/\/zonaroja.com.mx\/index.php?rest_route=\/wp\/v2\/posts\/55300","targetHints":{"allow":["GET"]}}],"collection":[{"href":"https:\/\/zonaroja.com.mx\/index.php?rest_route=\/wp\/v2\/posts"}],"about":[{"href":"https:\/\/zonaroja.com.mx\/index.php?rest_route=\/wp\/v2\/types\/post"}],"author":[{"embeddable":true,"href":"https:\/\/zonaroja.com.mx\/index.php?rest_route=\/wp\/v2\/users\/2"}],"replies":[{"embeddable":true,"href":"https:\/\/zonaroja.com.mx\/index.php?rest_route=%2Fwp%2Fv2%2Fcomments&post=55300"}],"version-history":[{"count":1,"href":"https:\/\/zonaroja.com.mx\/index.php?rest_route=\/wp\/v2\/posts\/55300\/revisions"}],"predecessor-version":[{"id":55302,"href":"https:\/\/zonaroja.com.mx\/index.php?rest_route=\/wp\/v2\/posts\/55300\/revisions\/55302"}],"wp:featuredmedia":[{"embeddable":true,"href":"https:\/\/zonaroja.com.mx\/index.php?rest_route=\/wp\/v2\/media\/55301"}],"wp:attachment":[{"href":"https:\/\/zonaroja.com.mx\/index.php?rest_route=%2Fwp%2Fv2%2Fmedia&parent=55300"}],"wp:term":[{"taxonomy":"category","embeddable":true,"href":"https:\/\/zonaroja.com.mx\/index.php?rest_route=%2Fwp%2Fv2%2Fcategories&post=55300"},{"taxonomy":"post_tag","embeddable":true,"href":"https:\/\/zonaroja.com.mx\/index.php?rest_route=%2Fwp%2Fv2%2Ftags&post=55300"}],"curies":[{"name":"wp","href":"https:\/\/api.w.org\/{rel}","templated":true}]}}