{"id":55306,"date":"2023-05-16T12:46:00","date_gmt":"2023-05-16T17:46:00","guid":{"rendered":"http:\/\/www.zonaroja.com.mx\/?p=55306"},"modified":"2023-05-16T08:07:42","modified_gmt":"2023-05-16T13:07:42","slug":"la-proteccion-a-los-derechos-fundamentales-deber-de-juzgadores","status":"publish","type":"post","link":"https:\/\/zonaroja.com.mx\/?p=55306","title":{"rendered":"La protecci\u00f3n a los derechos fundamentales, deber de juzgadores"},"content":{"rendered":"\n<p>Redacci\u00f3n\/Zona Roja.<\/p>\n\n\n\n<p>Oaxaca de Ju\u00e1rez, Oax., a 16 de mayo de 2023.- Con el&nbsp;objetivo familiarizar a las personas que colaboran en la impartici\u00f3n de justicia,&nbsp;con el tipo de funci\u00f3n que desempe\u00f1a el an\u00e1lisis de proporcionalidad cuando se trata de resolver casos de igualdad y no discriminaci\u00f3n, tanto de manera pr\u00e1ctica como te\u00f3rica, el Poder Judicial del Estado, realiz\u00f3 el curso \u201cTest de Proporcionalidad\u201d,&nbsp;impartido por la&nbsp;reconocida&nbsp;investigadora Francisca Pou Gim\u00e9nez.<\/p>\n\n\n\n<p>Al inaugurar las actividades, que se desarrollaron durante dos d\u00edas, el&nbsp;magistrado&nbsp;presidente&nbsp;Eduardo Pinacho S\u00e1nchez, afirm\u00f3 que este m\u00e9todo de adjudicaci\u00f3n constitucional es la mejor t\u00e9cnica para garantizar la razonabilidad y justificaci\u00f3n de restricci\u00f3n de derechos humanos, de ah\u00ed la importancia de que&nbsp;magistradas, magistrados, juezas, jueces y dem\u00e1s&nbsp;personal de la instituci\u00f3n, fortalezcan sus conocimientos en&nbsp;este rubro.<\/p>\n\n\n\n<p>Se\u00f1al\u00f3 que uno de los retos&nbsp;existentes&nbsp;en materia de justicia&nbsp;es la entrada en vigor,&nbsp;en tan solo cuatro a\u00f1os,&nbsp;del C\u00f3digo Nacional de Procedimientos Civiles y Familiares, en particular, con los ajustes al procedimiento que ahora se establecen para garantizar que las personas con discapacidad tengan pleno poder&nbsp;de&nbsp;decisi\u00f3n en los procesos que se instauren cuando se vean afectados.<\/p>\n\n\n\n<p>En este sentido, subray\u00f3 que&nbsp;el test de proporcionalidad, t\u00e9cnica o m\u00e9todo de adjudicaci\u00f3n constitucional que tuvo su origen en Alemania y que, en la actualidad, es empleada por tribunales constitucionales alrededor del mundo, en particular, de Europa y Am\u00e9rica Latina, permite&nbsp;determinar la legitimidad de las restricciones a los derechos humanos que efect\u00faa el legislador; de ah\u00ed que&nbsp;M\u00e9xico no ha sido ajeno al proceso de incorporaci\u00f3n y adaptaci\u00f3n de estas herramientas.<\/p>\n\n\n\n<p>Por su parte, al impartir el curso&nbsp;que tuvo como sede la&nbsp;Unidad de Extensi\u00f3n Universitaria UNAM- Oaxaca,&nbsp;la doctora Francisca Pou Gim\u00e9nez explic\u00f3&nbsp;los principios y herramientas b\u00e1sicas de aplicaci\u00f3n de los derechos&nbsp;ante los cambios en los ordenamientos jur\u00eddicos; la proporcionalidad como constructo anal\u00edtico&nbsp;y expuso diferentes casos en los que ha sido aplicada&nbsp;ponderando aspectos como la salud, la&nbsp;seguridad&nbsp;o&nbsp;el libre desarrollo.<\/p>\n\n\n\n<p>La maestra y doctora en Derecho por la Universidad de Yale, Estados Unidos y profesora visitante en Colombia, Argentina, Bolivia, Italia y Canad\u00e1, as\u00ed como investigadora del Instituto de Investigaciones Jur\u00eddicas de la UNAM, expuso&nbsp;que el&nbsp;test de proporcionalidad se aplica&nbsp;cuando entran en conflicto derechos fundamentales ante la existencia de una ley.<\/p>\n\n\n\n<p>En la mesa del pres\u00eddium acompa\u00f1aron al titular del Poder Judicial, la directora de Derechos Humanos del Consejo de la Judicatura, Nidia Soledad Mart\u00ednez Esteva; el director de la Escuela Judicial, H\u00e9ctor Humberto V\u00e1squez Quevedo y el coordinador Acad\u00e9mico de la Unidad de Extensi\u00f3n Universitaria UNAM-Oaxaca<\/p>\n","protected":false},"excerpt":{"rendered":"<p>Redacci\u00f3n\/Zona Roja. Oaxaca de Ju\u00e1rez, Oax., a 16 de mayo de 2023.- Con el&nbsp;objetivo familiarizar&hellip;<\/p>\n","protected":false},"author":2,"featured_media":55310,"comment_status":"closed","ping_status":"open","sticky":false,"template":"","format":"standard","meta":{"_lmt_disableupdate":"","_lmt_disable":"","_jetpack_memberships_contains_paid_content":false,"footnotes":""},"categories":[109,46],"tags":[],"class_list":["post-55306","post","type-post","status-publish","format-standard","has-post-thumbnail","hentry","category-minuto-a-minuto","category-zona-blanca"],"jetpack_featured_media_url":"https:\/\/zonaroja.com.mx\/wp-content\/uploads\/2023\/05\/Poder-Judicial-Oaxaca-evento.jpg","jetpack_sharing_enabled":true,"_links":{"self":[{"href":"https:\/\/zonaroja.com.mx\/index.php?rest_route=\/wp\/v2\/posts\/55306","targetHints":{"allow":["GET"]}}],"collection":[{"href":"https:\/\/zonaroja.com.mx\/index.php?rest_route=\/wp\/v2\/posts"}],"about":[{"href":"https:\/\/zonaroja.com.mx\/index.php?rest_route=\/wp\/v2\/types\/post"}],"author":[{"embeddable":true,"href":"https:\/\/zonaroja.com.mx\/index.php?rest_route=\/wp\/v2\/users\/2"}],"replies":[{"embeddable":true,"href":"https:\/\/zonaroja.com.mx\/index.php?rest_route=%2Fwp%2Fv2%2Fcomments&post=55306"}],"version-history":[{"count":1,"href":"https:\/\/zonaroja.com.mx\/index.php?rest_route=\/wp\/v2\/posts\/55306\/revisions"}],"predecessor-version":[{"id":55307,"href":"https:\/\/zonaroja.com.mx\/index.php?rest_route=\/wp\/v2\/posts\/55306\/revisions\/55307"}],"wp:featuredmedia":[{"embeddable":true,"href":"https:\/\/zonaroja.com.mx\/index.php?rest_route=\/wp\/v2\/media\/55310"}],"wp:attachment":[{"href":"https:\/\/zonaroja.com.mx\/index.php?rest_route=%2Fwp%2Fv2%2Fmedia&parent=55306"}],"wp:term":[{"taxonomy":"category","embeddable":true,"href":"https:\/\/zonaroja.com.mx\/index.php?rest_route=%2Fwp%2Fv2%2Fcategories&post=55306"},{"taxonomy":"post_tag","embeddable":true,"href":"https:\/\/zonaroja.com.mx\/index.php?rest_route=%2Fwp%2Fv2%2Ftags&post=55306"}],"curies":[{"name":"wp","href":"https:\/\/api.w.org\/{rel}","templated":true}]}}