{"id":55314,"date":"2023-05-16T08:22:02","date_gmt":"2023-05-16T13:22:02","guid":{"rendered":"http:\/\/www.zonaroja.com.mx\/?p=55314"},"modified":"2023-05-16T08:22:13","modified_gmt":"2023-05-16T13:22:13","slug":"realizara-organizacion-fuco-su-convencion-en-la-capital-de-oaxaca","status":"publish","type":"post","link":"https:\/\/zonaroja.com.mx\/?p=55314","title":{"rendered":"Realizar\u00e1 organizaci\u00f3n FUCO su convenci\u00f3n en la capital de Oaxaca"},"content":{"rendered":"\n<p>Redacci\u00f3n\/Zona Roja.<\/p>\n\n\n\n<p>Oaxaca de Ju\u00e1rez, Oax., a 16 de mayo de 2023.- El Frente Unido de Comunidades Oaxaque\u00f1as (FUCO) dio a conocer que el pr\u00f3ximo domingo 28 de mayo se llevar\u00e1 a cabo su Segunda Convenci\u00f3n, con liderazgos estatales en la capital del estado.&nbsp;<\/p>\n\n\n\n<p>El dirigente estatal, Gherardy&nbsp; Orozco Mart\u00ednez se\u00f1al\u00f3 que dentro de los acuerdos estar\u00e1 mostrar el respaldo a la doctora Claudia Sheinbaum Pardo como la \u00fanica opci\u00f3n para continuar con el proyecto de transformaci\u00f3n del Presidente Andr\u00e9s Manuel L\u00f3pez Obrador.&nbsp;<\/p>\n\n\n\n<p>Asimismo, se\u00f1al\u00f3 que esta Convenci\u00f3n contar\u00e1 con la presencia de m\u00e1s de dos mil liderazgos de las ocho regiones del estado.<\/p>\n","protected":false},"excerpt":{"rendered":"<p>Redacci\u00f3n\/Zona Roja. Oaxaca de Ju\u00e1rez, Oax., a 16 de mayo de 2023.- El Frente Unido&hellip;<\/p>\n","protected":false},"author":2,"featured_media":55315,"comment_status":"closed","ping_status":"open","sticky":false,"template":"","format":"standard","meta":{"_lmt_disableupdate":"","_lmt_disable":"","_jetpack_memberships_contains_paid_content":false,"footnotes":""},"categories":[109,46],"tags":[3457],"class_list":["post-55314","post","type-post","status-publish","format-standard","has-post-thumbnail","hentry","category-minuto-a-minuto","category-zona-blanca","tag-frente-unido-de-comunidades-oaxaquenas-fuco"],"jetpack_featured_media_url":"https:\/\/zonaroja.com.mx\/wp-content\/uploads\/2023\/05\/FUCO-Claudia-Sheinbaum.jpeg","jetpack_sharing_enabled":true,"_links":{"self":[{"href":"https:\/\/zonaroja.com.mx\/index.php?rest_route=\/wp\/v2\/posts\/55314","targetHints":{"allow":["GET"]}}],"collection":[{"href":"https:\/\/zonaroja.com.mx\/index.php?rest_route=\/wp\/v2\/posts"}],"about":[{"href":"https:\/\/zonaroja.com.mx\/index.php?rest_route=\/wp\/v2\/types\/post"}],"author":[{"embeddable":true,"href":"https:\/\/zonaroja.com.mx\/index.php?rest_route=\/wp\/v2\/users\/2"}],"replies":[{"embeddable":true,"href":"https:\/\/zonaroja.com.mx\/index.php?rest_route=%2Fwp%2Fv2%2Fcomments&post=55314"}],"version-history":[{"count":1,"href":"https:\/\/zonaroja.com.mx\/index.php?rest_route=\/wp\/v2\/posts\/55314\/revisions"}],"predecessor-version":[{"id":55316,"href":"https:\/\/zonaroja.com.mx\/index.php?rest_route=\/wp\/v2\/posts\/55314\/revisions\/55316"}],"wp:featuredmedia":[{"embeddable":true,"href":"https:\/\/zonaroja.com.mx\/index.php?rest_route=\/wp\/v2\/media\/55315"}],"wp:attachment":[{"href":"https:\/\/zonaroja.com.mx\/index.php?rest_route=%2Fwp%2Fv2%2Fmedia&parent=55314"}],"wp:term":[{"taxonomy":"category","embeddable":true,"href":"https:\/\/zonaroja.com.mx\/index.php?rest_route=%2Fwp%2Fv2%2Fcategories&post=55314"},{"taxonomy":"post_tag","embeddable":true,"href":"https:\/\/zonaroja.com.mx\/index.php?rest_route=%2Fwp%2Fv2%2Ftags&post=55314"}],"curies":[{"name":"wp","href":"https:\/\/api.w.org\/{rel}","templated":true}]}}