{"id":55317,"date":"2023-05-16T08:31:43","date_gmt":"2023-05-16T13:31:43","guid":{"rendered":"http:\/\/www.zonaroja.com.mx\/?p=55317"},"modified":"2023-05-16T08:35:52","modified_gmt":"2023-05-16T13:35:52","slug":"exige-partido-fuerza-por-mexico-investigar-a-militantes-que-cobran-en-gobierno","status":"publish","type":"post","link":"https:\/\/zonaroja.com.mx\/?p=55317","title":{"rendered":"Exige Partido Fuerza Por M\u00e9xico investigar a militantes que cobran en gobierno"},"content":{"rendered":"\n<p>Redacci\u00f3n\/Zona Roja.<\/p>\n\n\n\n<p>Oaxaca de Ju\u00e1rez, Oax., a 16 de mayo de 2023.- Militantes del Partido Fuerza Por M\u00e9xico exigieron se investigue a hombres y mujeres que cobran en la n\u00f3mina del gobierno estatal, a petici\u00f3n de Salom\u00e9 Mart\u00ednez y su hija Sara Orozo, esta \u00faltima quien se desempe\u00f1a como directora de la Casa de la Cultura Oaxaque\u00f1a.<\/p>\n\n\n\n<p>En un comunicado emitido recientemente, el instituto pol\u00edtico que lider\u00f3 Salom\u00e9 Mart\u00ednez, expone que no deber\u00edan cobrar en la n\u00f3mina del gobierno emanado de Morena personas que realizan actividades partidistas y m\u00e1s si son en favor del grupo pol\u00edtico de la ex lideresa.<\/p>\n\n\n\n<p>\u00abEn las \u00faltimas horas han circulado notas informativas y de investigaci\u00f3n period\u00edstica en diferentes medios de comunicaci\u00f3n en donde se revela que: personas que realizan actividades al interior del Partido Fuerza por M\u00e9xico Oaxaca han firmado contratos como \u00abpersonal de honorarios asimilados y salarios\u00bb en diferentes dependencias del gobierno estatal y\/o municipal\u00bb, expres\u00f3 Jacinto Garc\u00eda, Secretario General del Partido rosa.&nbsp;<\/p>\n\n\n\n<p>Dijo que en su calidad de integrante del Comit\u00e9 Directivo Estatal del Partido Fuerza por M\u00e9xico Oaxaca, solicit\u00f3 a las dependencias responsables de Honestidad Transparencia y Funci\u00f3n P\u00fablica, as\u00ed como de procuraci\u00f3n de justicia, hagan una investigaci\u00f3n exhaustiva y se sancione conforme a derecho a quienes est\u00e9n violando la ley.<\/p>\n\n\n\n<p>\u00abAs\u00ed mismo hago del conocimiento a la autoridad electoral local (IEEPCO) que en mi calidad de Secretario General del Comit\u00e9 Directivo Estatal de Fuerza por M\u00e9xico Oaxaca, exigir\u00e9 a la dirigente del mismo, convoque a sesi\u00f3n del \u00f3rgano directivo para discutir y en su caso, si resultan ser ciertas las supuestas acciones en la que han incurrido algunos trabajadores y\/o Secretarios (a) y est\u00e1n recibiendo sueldos sin presentarse a laborar en dichas dependencias, sean sancionados conforme a lo dispuesto por los art\u00edculos 15, 52, 53 y 54 de la Ley General de Responsabilidades Administrativas\u00bb.<\/p>\n\n\n\n<p>\u00abAdem\u00e1s en los pr\u00f3ximas d\u00edas har\u00e9 p\u00fablica las denuncias ante las autoridades correspondientes, con la finalidad de que no sigan da\u00f1ando el patrimonio p\u00fablico del pueblo de Oaxaca. As\u00ed como, realizar\u00e9 las acciones intrapartidistas para la revocaci\u00f3n del cargo y\/o contrato que tengan con nuestro instituto pol\u00edtico\u00bb.<\/p>\n\n\n\n<p>Esto surge, luego de que se ventilar\u00e1 que en la Casa de Cultura cobra &nbsp;Iv\u00e1n Monjaraz Lustre, quien se dedica a realizar actividades partidistas de Fuerza por M\u00e9xico.<\/p>\n\n\n\n<p>Adem\u00e1s de &nbsp;Emmanuel Ram\u00edrez, otro militante de FXM y trabajador de Salom\u00e9 Mart\u00ednez, mam\u00e1 de Sara Orozco (directora de la Casa de la Cultura).<\/p>\n","protected":false},"excerpt":{"rendered":"<p>Redacci\u00f3n\/Zona Roja. Oaxaca de Ju\u00e1rez, Oax., a 16 de mayo de 2023.- Militantes del Partido&hellip;<\/p>\n","protected":false},"author":2,"featured_media":33441,"comment_status":"closed","ping_status":"open","sticky":false,"template":"","format":"standard","meta":{"_lmt_disableupdate":"","_lmt_disable":"","_jetpack_memberships_contains_paid_content":false,"footnotes":""},"categories":[109,47],"tags":[2369],"class_list":["post-55317","post","type-post","status-publish","format-standard","has-post-thumbnail","hentry","category-minuto-a-minuto","category-zona-gris","tag-salome-martinez-salazar"],"jetpack_featured_media_url":"https:\/\/zonaroja.com.mx\/wp-content\/uploads\/2021\/10\/Salome-Martinez-Salazar-1.jpg","jetpack_sharing_enabled":true,"_links":{"self":[{"href":"https:\/\/zonaroja.com.mx\/index.php?rest_route=\/wp\/v2\/posts\/55317","targetHints":{"allow":["GET"]}}],"collection":[{"href":"https:\/\/zonaroja.com.mx\/index.php?rest_route=\/wp\/v2\/posts"}],"about":[{"href":"https:\/\/zonaroja.com.mx\/index.php?rest_route=\/wp\/v2\/types\/post"}],"author":[{"embeddable":true,"href":"https:\/\/zonaroja.com.mx\/index.php?rest_route=\/wp\/v2\/users\/2"}],"replies":[{"embeddable":true,"href":"https:\/\/zonaroja.com.mx\/index.php?rest_route=%2Fwp%2Fv2%2Fcomments&post=55317"}],"version-history":[{"count":1,"href":"https:\/\/zonaroja.com.mx\/index.php?rest_route=\/wp\/v2\/posts\/55317\/revisions"}],"predecessor-version":[{"id":55318,"href":"https:\/\/zonaroja.com.mx\/index.php?rest_route=\/wp\/v2\/posts\/55317\/revisions\/55318"}],"wp:featuredmedia":[{"embeddable":true,"href":"https:\/\/zonaroja.com.mx\/index.php?rest_route=\/wp\/v2\/media\/33441"}],"wp:attachment":[{"href":"https:\/\/zonaroja.com.mx\/index.php?rest_route=%2Fwp%2Fv2%2Fmedia&parent=55317"}],"wp:term":[{"taxonomy":"category","embeddable":true,"href":"https:\/\/zonaroja.com.mx\/index.php?rest_route=%2Fwp%2Fv2%2Fcategories&post=55317"},{"taxonomy":"post_tag","embeddable":true,"href":"https:\/\/zonaroja.com.mx\/index.php?rest_route=%2Fwp%2Fv2%2Ftags&post=55317"}],"curies":[{"name":"wp","href":"https:\/\/api.w.org\/{rel}","templated":true}]}}