{"id":55319,"date":"2023-05-17T12:30:00","date_gmt":"2023-05-17T17:30:00","guid":{"rendered":"http:\/\/www.zonaroja.com.mx\/?p=55319"},"modified":"2023-05-17T08:51:43","modified_gmt":"2023-05-17T13:51:43","slug":"nadie-quiere-reparar-semaforos-de-avenida-simbolos-patrios-de-oaxaca","status":"publish","type":"post","link":"https:\/\/zonaroja.com.mx\/?p=55319","title":{"rendered":"Nadie quiere reparar sem\u00e1foros de avenida S\u00edmbolos Patrios de Oaxaca"},"content":{"rendered":"\n<p>Yuridiana Sosa\/Zona Roja.<\/p>\n\n\n\n<p>Oaxaca de Ju\u00e1rez, Oax., a 16 de mayo de 2023.- Por varios a\u00f1os la semaforizaci\u00f3n en la avenida S\u00edmbolos Patrios, en inmediaciones de la colonia Alem\u00e1n, en la capital, no ha funcionado, al grado que ni la misma autoridad de Oaxaca de Ju\u00e1rez reconoce su responsabilidad para atender el problema, denunciaron los vecinos con pruebas en manos que se\u00f1alan el incumplimiento de su obligaci\u00f3n.<\/p>\n\n\n\n<p>Cansados de los riesgos que implica la falta de funciones de los sem\u00e1foros, los afectados interpusieron en abril de este a\u00f1o una serie de solicitudes de acceso a la informaci\u00f3n p\u00fablica para conocer qu\u00e9 autoridad es la responsable, y en las que el ayuntamiento de Oaxaca de Ju\u00e1rez se deslinda.<\/p>\n\n\n\n<p>A trav\u00e9s del folio 201173223000103 de la solicitud de Acceso la Informaci\u00f3n P\u00fablica, se pregunt\u00f3 \u201cqu\u00e9 instituci\u00f3n responsable de dar mantenimiento a los sem\u00e1foros ubicados en avenida S\u00edmbolos Patrios en Oaxaca de Ju\u00e1rez Oaxaca o Santa Cruz Xoxocotl\u00e1n, principalmente en el tramo del kil\u00f3metro 0 al kil\u00f3metro uno, espec\u00edficamente del entronque de la avenida Eduardo Mata a avenida Universidad\u201d.<\/p>\n\n\n\n<p>El Ayuntamiento de Oaxaca de Ju\u00e1rez, por medio del oficio DM\/DTM\/0302\/2023 y a trav\u00e9s de la Direcci\u00f3n de Movilidad dependiente de la Secretar\u00eda de Seguridad P\u00fablica Movilidad y Protecci\u00f3n Civil indic\u00f3 que \u201cno es posible atender favorablemente su petici\u00f3n, por lo que lo orienta a redirigir de manera electr\u00f3nica su solicitud de informaci\u00f3n al ayuntamiento de Santa Cruz Xoxocotl\u00e1n quien es el sujeto obligado encargado de otorgar dicha informaci\u00f3n\u201d.<\/p>\n\n\n\n<p>Por su parte, el ayuntamiento de Xoxocotl\u00e1n indic\u00f3 que a las avenidas a las que hace referencia el solicitante corresponde en el municipio de Oaxaca de Ju\u00e1rez, autoridad a la que tambi\u00e9n se\u00f1al\u00f3 la Secretar\u00eda de Movilidad del Gobierno del Estado.<\/p>\n\n\n\n<p>La autoridad estatal, en atenci\u00f3n al oficio Semovi\/DJ\/UT\/55\/2023, dio a conocer que \u201ces competencia del municipio de Oaxaca de Ju\u00e1rez, esto de conformidad a lo dispuesto en los art\u00edculos 10 y 15 del Reglamento de Vialidad del municipio de Oaxaca de Ju\u00e1rez\u201d.<\/p>\n\n\n\n<p>En tanto que la Secretar\u00eda de Infraestructura y Comunicaciones del gobierno de Oaxaca, con oficio SIC\/UJ\/UT\/181\/2023, indic\u00f3 que \u201cla autoridad responsable de dar mantenimiento a la semaforizaci\u00f3n de esa zona es el municipio de Oaxaca de Ju\u00e1rez.<\/p>\n\n\n\n<p>Este problema de semaforizaci\u00f3n se a\u00f1ade a los conflictos recientes tras la obra inconclusa en S\u00edmbolos Patrios por parte del gobierno estatal de Alejandro Murat, as\u00ed como a los de la obra con desperfectos de Circuito Interior que afectan a la colonia Alem\u00e1n.<\/p>\n","protected":false},"excerpt":{"rendered":"<p>Yuridiana Sosa\/Zona Roja. Oaxaca de Ju\u00e1rez, Oax., a 16 de mayo de 2023.- Por varios&hellip;<\/p>\n","protected":false},"author":2,"featured_media":55335,"comment_status":"closed","ping_status":"open","sticky":false,"template":"","format":"standard","meta":{"_lmt_disableupdate":"","_lmt_disable":"","_jetpack_memberships_contains_paid_content":false,"footnotes":""},"categories":[109,47],"tags":[2418,148],"class_list":["post-55319","post","type-post","status-publish","format-standard","has-post-thumbnail","hentry","category-minuto-a-minuto","category-zona-gris","tag-francisco-martinez-neri","tag-oaxaca-de-juarez"],"jetpack_featured_media_url":"https:\/\/zonaroja.com.mx\/wp-content\/uploads\/2023\/05\/Semaforos-ciudad-de-Oaxaca.jpg","jetpack_sharing_enabled":true,"_links":{"self":[{"href":"https:\/\/zonaroja.com.mx\/index.php?rest_route=\/wp\/v2\/posts\/55319","targetHints":{"allow":["GET"]}}],"collection":[{"href":"https:\/\/zonaroja.com.mx\/index.php?rest_route=\/wp\/v2\/posts"}],"about":[{"href":"https:\/\/zonaroja.com.mx\/index.php?rest_route=\/wp\/v2\/types\/post"}],"author":[{"embeddable":true,"href":"https:\/\/zonaroja.com.mx\/index.php?rest_route=\/wp\/v2\/users\/2"}],"replies":[{"embeddable":true,"href":"https:\/\/zonaroja.com.mx\/index.php?rest_route=%2Fwp%2Fv2%2Fcomments&post=55319"}],"version-history":[{"count":1,"href":"https:\/\/zonaroja.com.mx\/index.php?rest_route=\/wp\/v2\/posts\/55319\/revisions"}],"predecessor-version":[{"id":55320,"href":"https:\/\/zonaroja.com.mx\/index.php?rest_route=\/wp\/v2\/posts\/55319\/revisions\/55320"}],"wp:featuredmedia":[{"embeddable":true,"href":"https:\/\/zonaroja.com.mx\/index.php?rest_route=\/wp\/v2\/media\/55335"}],"wp:attachment":[{"href":"https:\/\/zonaroja.com.mx\/index.php?rest_route=%2Fwp%2Fv2%2Fmedia&parent=55319"}],"wp:term":[{"taxonomy":"category","embeddable":true,"href":"https:\/\/zonaroja.com.mx\/index.php?rest_route=%2Fwp%2Fv2%2Fcategories&post=55319"},{"taxonomy":"post_tag","embeddable":true,"href":"https:\/\/zonaroja.com.mx\/index.php?rest_route=%2Fwp%2Fv2%2Ftags&post=55319"}],"curies":[{"name":"wp","href":"https:\/\/api.w.org\/{rel}","templated":true}]}}