{"id":55321,"date":"2023-05-16T11:50:00","date_gmt":"2023-05-16T16:50:00","guid":{"rendered":"http:\/\/www.zonaroja.com.mx\/?p=55321"},"modified":"2023-05-16T09:01:54","modified_gmt":"2023-05-16T14:01:54","slug":"oaxaca-se-suma-contra-racismo-sistemico-para-afrodescendiente-persiste-discriminacion","status":"publish","type":"post","link":"https:\/\/zonaroja.com.mx\/?p=55321","title":{"rendered":"Oaxaca se suma contra racismo sist\u00e9mico para afrodescendiente; persiste discriminaci\u00f3n"},"content":{"rendered":"\n<p>Yuridiana Sosa\/Zona Roja.<\/p>\n\n\n\n<p>Oaxaca de Ju\u00e1rez, Oax., 16 de mayo de 2023.- Pese a que m\u00e1s de 194 mil personas en Oaxaca son afrodescendientes, en la entidad el racismo contra esta poblaci\u00f3n se mantiene como una forma de agresi\u00f3n, por lo que ha iniciativa de la sociedad civil oaxaque\u00f1a el estado se sum\u00f3 a la Coalici\u00f3n Global contra el Racismo Sistem\u00e1tico y las Reparaciones.<\/p>\n\n\n\n<p>Instituciones educativas, artistas, representantes populares y activistas encabezados por la defensora Rosy Castro Salinas, anunciaron la adhesi\u00f3n de Oaxaca para frenar el racismo sistem\u00e1tico, en busca de justicia para que los afrodescendientes tengan las mismas oportunidades que el resto de la poblaci\u00f3n.<\/p>\n\n\n\n<p>La activista afrodescendiente se\u00f1al\u00f3 que el racismo es una forma de lastimar a las personas y menoscabar la dignidad humanos, por tal motivo, con esta coalici\u00f3n buscan decirle al mundo que la falta de pol\u00edtica p\u00fablica para la atenci\u00f3n a los afrodescendientes y la falta de justicia se deben de terminar.<\/p>\n\n\n\n<p>En Oaxaca, agreg\u00f3, es doblemente importante hablar del racismo, porque tambi\u00e9n existe contra los ind\u00edgenas, de la que forma gran parte de la poblaci\u00f3n en la entidad.<\/p>\n\n\n\n<p>NI SON CENSADAS<\/p>\n\n\n\n<p>Rosy Castro indic\u00f3 que una muestra del racismo sist\u00e9mico contra las mujeres negras es la falta de datos oficiales sobre las agresiones que sufren.<\/p>\n\n\n\n<p>Los censos no reflejan qu\u00e9 pasa con las violencias que viven las mujeres afrodescendientes, cuando en Oaxaca, por ejemplo, existe una poblaci\u00f3n importante en la regi\u00f3n de la Costa, misma que es una de las m\u00e1s violentas en la entidad.<\/p>\n\n\n\n<p>La activista asever\u00f3 que son las organizaciones sociales las que han hecho la tarea de difundir acciones de prevenci\u00f3n de la violencia ante la visible ausencia de pol\u00edticas p\u00fablicas por parte de las autoridades.<\/p>\n\n\n\n<figure class=\"wp-block-embed is-type-rich is-provider-twitter wp-block-embed-twitter\"><div class=\"wp-block-embed__wrapper\">\n<div class=\"twitter-tweet\"><blockquote class=\"twitter-tweet\" data-lang=\"es\"><p lang=\"es\" dir=\"ltr\">2. En el acto de adhesi\u00f3n a la Coalici\u00f3n Global contra el Racismo Sistem\u00e1tico y las Reparaciones, efectuado en la capital de Oaxaca, participaron tambi\u00e9n la senadora <a href=\"https:\/\/twitter.com\/SusanaHarp?ref_src=twsrc%5Etfw\">@SusanaHarp<\/a>, la cantante Alejandra Robles y representantes de la <a href=\"https:\/\/twitter.com\/BuoUniversidad?ref_src=twsrc%5Etfw\">@BuoUniversidad<\/a> y del <a href=\"https:\/\/twitter.com\/MunicipioOaxaca?ref_src=twsrc%5Etfw\">@MunicipioOaxaca<\/a>. <a href=\"https:\/\/t.co\/eFqikaZCPv\">pic.twitter.com\/eFqikaZCPv<\/a><\/p>&mdash; Zona Roja Oaxaca (@ZonaRoja_Oaxaca) <a href=\"https:\/\/twitter.com\/ZonaRoja_Oaxaca\/status\/1658262852812128259?ref_src=twsrc%5Etfw\">16 de mayo de 2023<\/a><\/blockquote><\/div>\n<\/div><\/figure>\n\n\n\n<p>Al acto efectuado en la Alameda de Le\u00f3n de la ciudad de Oaxaca asistieron la senadora Susana Harp Iturribarr\u00eda, la cantante y activista Alejandra Robles y representantes del ayuntamiento de Oaxaca de Ju\u00e1rez y de la Benem\u00e9rita Universidad de Oaxaca, entre otros.<\/p>\n\n\n\n<p>LA COALICI\u00d3N<\/p>\n\n\n\n<p>Los sectores involucrados en Oaxaca en la Coalici\u00f3n Global contra el Racismo Sistem\u00e1tico y las Reparaciones firmar\u00e1n un dec\u00e1logo que los compromete a su labor.<\/p>\n\n\n\n<p>Esta coalici\u00f3n es una plataforma de acci\u00f3n colectiva ideada como una respuesta concreta de articulaci\u00f3n para combatir el racismo sist\u00e9mico y crear una nueva cultura antirracista de justicia.<\/p>\n\n\n\n<p>Para esta labor es importante la suma de esfuerzos, como la de l\u00edderes de diferentes sectores, organizaciones de la sociedad civil, instituciones p\u00fablicas, organismos y organizaciones internacionales, sector productivo y empresarial; gobiernos, periodistas, l\u00edderes de opini\u00f3n, artistas, deportistas y todas las personas que se comprometan a actuar contra el racismo sist\u00e9mico y reparar sus consecuencias en la vida de millones de v\u00edctimas.<\/p>\n\n\n\n<p>Rosy Campos dijo que adem\u00e1s, surge, por un lado, en respuesta al llamado urgente del Alto Comisionado de Derechos Humanos en su informe sobre racismo sist\u00e9mico con relaci\u00f3n al asesinato del afroestadounidense, George Floyd, por polic\u00edas.<\/p>\n\n\n\n<p>As\u00ed como en consideraci\u00f3n de las discusiones realizadas en la primera conmemoraci\u00f3n del \u201cD\u00eda Internacional de los Afrodescendientes\u201d, realizado el 31 agosto de 2021, entre l\u00edderes y lideresas, en el que hablaron del combate al racismo sist\u00e9mico.&nbsp;<\/p>\n","protected":false},"excerpt":{"rendered":"<p>Yuridiana Sosa\/Zona Roja. Oaxaca de Ju\u00e1rez, Oax., 16 de mayo de 2023.- Pese a que&hellip;<\/p>\n","protected":false},"author":2,"featured_media":55322,"comment_status":"closed","ping_status":"open","sticky":false,"template":"","format":"standard","meta":{"_lmt_disableupdate":"","_lmt_disable":"","_jetpack_memberships_contains_paid_content":false,"footnotes":""},"categories":[109,46],"tags":[3546,3545],"class_list":["post-55321","post","type-post","status-publish","format-standard","has-post-thumbnail","hentry","category-minuto-a-minuto","category-zona-blanca","tag-coalicion-global-contra-el-racismo-sistemico","tag-rosy-castro-salinas"],"jetpack_featured_media_url":"https:\/\/zonaroja.com.mx\/wp-content\/uploads\/2023\/05\/Accion-global-afrodescendientes-Oaxaca.jpg","jetpack_sharing_enabled":true,"_links":{"self":[{"href":"https:\/\/zonaroja.com.mx\/index.php?rest_route=\/wp\/v2\/posts\/55321","targetHints":{"allow":["GET"]}}],"collection":[{"href":"https:\/\/zonaroja.com.mx\/index.php?rest_route=\/wp\/v2\/posts"}],"about":[{"href":"https:\/\/zonaroja.com.mx\/index.php?rest_route=\/wp\/v2\/types\/post"}],"author":[{"embeddable":true,"href":"https:\/\/zonaroja.com.mx\/index.php?rest_route=\/wp\/v2\/users\/2"}],"replies":[{"embeddable":true,"href":"https:\/\/zonaroja.com.mx\/index.php?rest_route=%2Fwp%2Fv2%2Fcomments&post=55321"}],"version-history":[{"count":1,"href":"https:\/\/zonaroja.com.mx\/index.php?rest_route=\/wp\/v2\/posts\/55321\/revisions"}],"predecessor-version":[{"id":55323,"href":"https:\/\/zonaroja.com.mx\/index.php?rest_route=\/wp\/v2\/posts\/55321\/revisions\/55323"}],"wp:featuredmedia":[{"embeddable":true,"href":"https:\/\/zonaroja.com.mx\/index.php?rest_route=\/wp\/v2\/media\/55322"}],"wp:attachment":[{"href":"https:\/\/zonaroja.com.mx\/index.php?rest_route=%2Fwp%2Fv2%2Fmedia&parent=55321"}],"wp:term":[{"taxonomy":"category","embeddable":true,"href":"https:\/\/zonaroja.com.mx\/index.php?rest_route=%2Fwp%2Fv2%2Fcategories&post=55321"},{"taxonomy":"post_tag","embeddable":true,"href":"https:\/\/zonaroja.com.mx\/index.php?rest_route=%2Fwp%2Fv2%2Ftags&post=55321"}],"curies":[{"name":"wp","href":"https:\/\/api.w.org\/{rel}","templated":true}]}}