{"id":55327,"date":"2023-05-16T18:27:00","date_gmt":"2023-05-16T23:27:00","guid":{"rendered":"http:\/\/www.zonaroja.com.mx\/?p=55327"},"modified":"2023-05-16T18:30:10","modified_gmt":"2023-05-16T23:30:10","slug":"morenistas-amlo-y-jara-encienden-a-magisterio-por-desatencion","status":"publish","type":"post","link":"https:\/\/zonaroja.com.mx\/?p=55327","title":{"rendered":"Morenistas AMLO y Jara encienden a magisterio, por desatenci\u00f3n"},"content":{"rendered":"\n<p>Yuridiana Sosa\/Zona Roja.<\/p>\n\n\n\n<p>Oaxaca de Ju\u00e1rez, Oax., a 16 de mayo de 2023.- La desatenci\u00f3n de los gobiernos emanados del Partido Morena tensaron m\u00e1s la relaci\u00f3n con el magisterio aglutinado en la Coordinadora Nacional de Trabajadores de la Educaci\u00f3n (CNTE).<\/p>\n\n\n\n<p>En la capital del pa\u00eds, docentes de diversos estados exigieron con violencia una audiencia con el Presidente Andr\u00e9s Manuel L\u00f3pez Obrador, para entregar el pliego petitorio, que se neg\u00f3 a recibir el pasado 1 de mayo.<\/p>\n\n\n\n<p>En respuesta, el Gobierno de la Rep\u00fablica llen\u00f3 de polic\u00edas el contorno del Palacio Nacional, para impedir que los docentes ingresaran por la fuerza a dialogar con el mandatario nacional, que ofrec\u00eda su conferencia matutina.<\/p>\n\n\n\n<p>Empujones, golpes en la puerta, gritos y explosiones de petardos se registraron por varios minutos, lo que provoc\u00f3 un primer encuentro entre la Secci\u00f3n 22 de la CNTE con una comisi\u00f3n del Gobierno Federal, que finalmente agend\u00f3 un encuentro en la Secretar\u00eda de Gobernaci\u00f3n.<\/p>\n\n\n\n<figure class=\"wp-block-embed is-type-rich is-provider-twitter wp-block-embed-twitter\"><div class=\"wp-block-embed__wrapper\">\n<div class=\"twitter-tweet\"><blockquote class=\"twitter-tweet\" data-lang=\"es\"><p lang=\"es\" dir=\"ltr\"><a href=\"https:\/\/twitter.com\/hashtag\/%C3%9AltimoMinuto?src=hash&amp;ref_src=twsrc%5Etfw\">#\u00daltimoMinuto<\/a><br>Tensi\u00f3n en el exterior del Palacio Nacional, en la Ciudad de M\u00e9xico, ante la intenci\u00f3n de los maestros adheridos a la Coordinadora Nacional de Trabajadores de la Educaci\u00f3n, de ingresar para entregar su pliego petitorio al presidente Andr\u00e9s Manuel L\u00f3pez Obrador, que\u2026 <a href=\"https:\/\/t.co\/wZgnSOyfW7\">pic.twitter.com\/wZgnSOyfW7<\/a><\/p>&mdash; Zona Roja Oaxaca (@ZonaRoja_Oaxaca) <a href=\"https:\/\/twitter.com\/ZonaRoja_Oaxaca\/status\/1658472868337045504?ref_src=twsrc%5Etfw\">16 de mayo de 2023<\/a><\/blockquote><\/div>\n<\/div><\/figure>\n\n\n\n<p>Un numeroso contingente de granaderos permaneci\u00f3 afuera de Palacio Nacional, donde los docentes de la Secci\u00f3n 22 les retiraron que no caer\u00edan en provocaciones, pero tampoco les ten\u00edan miedo.<\/p>\n\n\n\n<p>\u201cNosotros de Oaxaca expulsamos a los represores, a los polic\u00edas federales a pesar que iban armados, los confront\u00f3 el pueblo de Oaxaca y nosotros no tenemos miedo\u201d, se escuch\u00f3 en unos de los videos que compartieron los docentes, quienes a su vez reclamaron a L\u00f3pez Obrador su estrategia y a Claudia Sheinbaum el uso de la fuerza policial para detener una protesta.<\/p>\n\n\n\n<p>M\u00e1s tarde, encabezados por la Secretaria General Yenny Aracely P\u00e9rez Mart\u00ednez, la Comisi\u00f3n Pol\u00edtica se reuni\u00f3 con autoridades federales y estatales para plantearles como una de sus principales exigencias la permanencia de la Direcci\u00f3n General de Educaci\u00f3n Ind\u00edgenas Intercultural y Biling\u00fce en la Secretar\u00eda de Educaci\u00f3n P\u00fablica y no se transfiera al Instituto Nacional de los Pueblos Ind\u00edgenas.<\/p>\n\n\n\n<p>P\u00e9rez Mart\u00ednez sentenci\u00f3 que la mesa debe ser de car\u00e1cter resolutivo, ante lo cual no van a permitir m\u00e1s dilaciones a la soluci\u00f3n de sus exigencias como lo hizo el gobierno de Oaxaca, de lo contrario, el magisterio advirti\u00f3 de m\u00e1s movilizaciones.<\/p>\n\n\n\n<figure class=\"wp-block-embed is-type-rich is-provider-twitter wp-block-embed-twitter\"><div class=\"wp-block-embed__wrapper\">\n<div class=\"twitter-tweet\"><blockquote class=\"twitter-tweet\" data-lang=\"es\"><p lang=\"es\" dir=\"ltr\"><a href=\"https:\/\/twitter.com\/hashtag\/%C3%9AltimoMinuto?src=hash&amp;ref_src=twsrc%5Etfw\">#\u00daltimoMinuto<\/a><br>Docentes afiliados a la Secci\u00f3n 22 del SNTE trasladaron su \u201cplant\u00f3n\u201d del Centro Hist\u00f3rico de la capital al acceso al Aeropuerto Internacional de Oaxaca, donde impiden salida y entrada de usuarios. <br>Ello en rechazo a los gobiernos de <a href=\"https:\/\/twitter.com\/lopezobrador_?ref_src=twsrc%5Etfw\">@lopezobrador_<\/a> y <a href=\"https:\/\/twitter.com\/salomonj?ref_src=twsrc%5Etfw\">@salomonj<\/a>. <a href=\"https:\/\/t.co\/hSjiVSscmo\">pic.twitter.com\/hSjiVSscmo<\/a><\/p>&mdash; Zona Roja Oaxaca (@ZonaRoja_Oaxaca) <a href=\"https:\/\/twitter.com\/ZonaRoja_Oaxaca\/status\/1658501958049865730?ref_src=twsrc%5Etfw\">16 de mayo de 2023<\/a><\/blockquote><\/div>\n<\/div><\/figure>\n\n\n\n<p>OAXACA, IGUAL<\/p>\n\n\n\n<p>Mientras tanto en Oaxaca, la Secci\u00f3n 22 del SNTE arreci\u00f3 sus protestas con un bloqueo al acceso al Aeropuerto Internacional \u201cBenito Ju\u00e1rez\u201d, ubicado en Santa Cruz Xoxocotl\u00e1n.<\/p>\n\n\n\n<p>Ello como parte del plan de acci\u00f3n surgido de la Asamblea Estatal, que fue declarada como permanente, en reproche al gobierno de Salom\u00f3n Jara Cruz que no ha ofrecido ninguna respuesta concreta a las demandas del magisterio y s\u00f3lo plante\u00f3 mesas de trabajo.<\/p>\n\n\n\n<p>Esta movilizaci\u00f3n afect\u00f3 a usuarios del aeropuerto, quienes no podr\u00edan ingresar ni salir por el acceso principal, lo cual gener\u00f3 la cancelaci\u00f3n de al menos cinco vuelos nacionales.<\/p>\n\n\n\n<p>Pese a ello, los docentes se mantuvieron en su postura en ese acceso federal, mientras que en calles del Centro Hist\u00f3rico continu\u00f3 con lonas y tiendas de campa\u00f1a hasta las 17:00 horas.<\/p>\n\n\n\n<p>De acuerdo con los mentores, el director del IEEPO, Emilio Montero P\u00e9rez, en contubernio con el secretario de Gobierno, Jes\u00fas Romero L\u00f3pez, han optado por presuntamente desviar el dinero del Instituto para fines pol\u00edticos, en lugar de atender las demandas.<\/p>\n\n\n\n<p>Adem\u00e1s de enfocar su atenci\u00f3n a las pr\u00f3ximas elecciones federales, en lugar de atender las demandas hist\u00f3ricas del magisterio.  Ma\u00f1ana se prev\u00e9 que los docentes reanuden labores pero en los pr\u00f3ximos d\u00edas reanudar\u00e1n sus acciones de protestas masivas, como no suced\u00eda desde hace m\u00e1s de cinco a\u00f1os.<\/p>\n\n\n\n<figure class=\"wp-block-embed is-type-rich is-provider-twitter wp-block-embed-twitter\"><div class=\"wp-block-embed__wrapper\">\n<div class=\"twitter-tweet\"><blockquote class=\"twitter-tweet\" data-lang=\"es\"><p lang=\"es\" dir=\"ltr\"><a href=\"https:\/\/twitter.com\/hashtag\/%C3%9AltimoMinuto?src=hash&amp;ref_src=twsrc%5Etfw\">#\u00daltimoMinuto<\/a> <br>Varias calles del centro de la ciudad de Oaxaca continuan ocupadas por maestros de la Secci\u00f3n 22; el \u201cplant\u00f3n\u201d prev\u00e9n retirarlo esta tarde. <a href=\"https:\/\/t.co\/pA5x0ikFky\">pic.twitter.com\/pA5x0ikFky<\/a><\/p>&mdash; Zona Roja Oaxaca (@ZonaRoja_Oaxaca) <a href=\"https:\/\/twitter.com\/ZonaRoja_Oaxaca\/status\/1658544901271998466?ref_src=twsrc%5Etfw\">16 de mayo de 2023<\/a><\/blockquote><\/div>\n<\/div><\/figure>\n","protected":false},"excerpt":{"rendered":"<p>Yuridiana Sosa\/Zona Roja. Oaxaca de Ju\u00e1rez, Oax., a 16 de mayo de 2023.- La desatenci\u00f3n&hellip;<\/p>\n","protected":false},"author":2,"featured_media":55328,"comment_status":"closed","ping_status":"open","sticky":false,"template":"","format":"standard","meta":{"_lmt_disableupdate":"","_lmt_disable":"","_jetpack_memberships_contains_paid_content":false,"footnotes":""},"categories":[109,47],"tags":[312],"class_list":["post-55327","post","type-post","status-publish","format-standard","has-post-thumbnail","hentry","category-minuto-a-minuto","category-zona-gris","tag-seccion-22-del-snte"],"jetpack_featured_media_url":"https:\/\/zonaroja.com.mx\/wp-content\/uploads\/2023\/05\/Protesta-Seccion-22-Oaxaca-aeropuerto.jpg","jetpack_sharing_enabled":true,"_links":{"self":[{"href":"https:\/\/zonaroja.com.mx\/index.php?rest_route=\/wp\/v2\/posts\/55327","targetHints":{"allow":["GET"]}}],"collection":[{"href":"https:\/\/zonaroja.com.mx\/index.php?rest_route=\/wp\/v2\/posts"}],"about":[{"href":"https:\/\/zonaroja.com.mx\/index.php?rest_route=\/wp\/v2\/types\/post"}],"author":[{"embeddable":true,"href":"https:\/\/zonaroja.com.mx\/index.php?rest_route=\/wp\/v2\/users\/2"}],"replies":[{"embeddable":true,"href":"https:\/\/zonaroja.com.mx\/index.php?rest_route=%2Fwp%2Fv2%2Fcomments&post=55327"}],"version-history":[{"count":2,"href":"https:\/\/zonaroja.com.mx\/index.php?rest_route=\/wp\/v2\/posts\/55327\/revisions"}],"predecessor-version":[{"id":55331,"href":"https:\/\/zonaroja.com.mx\/index.php?rest_route=\/wp\/v2\/posts\/55327\/revisions\/55331"}],"wp:featuredmedia":[{"embeddable":true,"href":"https:\/\/zonaroja.com.mx\/index.php?rest_route=\/wp\/v2\/media\/55328"}],"wp:attachment":[{"href":"https:\/\/zonaroja.com.mx\/index.php?rest_route=%2Fwp%2Fv2%2Fmedia&parent=55327"}],"wp:term":[{"taxonomy":"category","embeddable":true,"href":"https:\/\/zonaroja.com.mx\/index.php?rest_route=%2Fwp%2Fv2%2Fcategories&post=55327"},{"taxonomy":"post_tag","embeddable":true,"href":"https:\/\/zonaroja.com.mx\/index.php?rest_route=%2Fwp%2Fv2%2Ftags&post=55327"}],"curies":[{"name":"wp","href":"https:\/\/api.w.org\/{rel}","templated":true}]}}