{"id":55336,"date":"2023-05-16T21:33:00","date_gmt":"2023-05-17T02:33:00","guid":{"rendered":"http:\/\/www.zonaroja.com.mx\/?p=55336"},"modified":"2023-05-16T20:34:10","modified_gmt":"2023-05-17T01:34:10","slug":"opinion-maestros-luchadores-los-de-antes","status":"publish","type":"post","link":"https:\/\/zonaroja.com.mx\/?p=55336","title":{"rendered":"Opini\u00f3n. Maestros\u00a0luchadores, los de antes"},"content":{"rendered":"\n<p>N\u00e9stor Y. S\u00e1nchez Islas<\/p>\n\n\n\n<p>La amenaza anual de apoderarse del z\u00f3calo en la modalidad de plant\u00f3n est\u00e1&nbsp;presente. El magisterio, quien siempre est\u00e1 insatisfecho con la vida misma, as\u00ed lo ha dejado claro justificando su actuar en la visi\u00f3n que de ellos mismo tienen: combativos y proletarios. Sin embargo,&nbsp;los dem\u00e1s los vemos simplemente como flojos y conflictivos.<\/p>\n\n\n\n<p>Vivimos tiempos en que la emoci\u00f3n es&nbsp;m\u00e1s&nbsp;importante que la raz\u00f3n. Por esto mismo, porque la gente se deja llevar m\u00e1s por sus emociones que por sus razones, ya no quiere verlos echados en la plancha del z\u00f3calo por semanas enteras: ya no siente empat\u00eda con sus \u201cm\u00e9todos\u201d&nbsp;y mucho menos por las razones que nos dan quienes se asumen como proletarios en lucha.<\/p>\n\n\n\n<p>Los estudiantes oaxaque\u00f1os a partir de mediados de los a\u00f1os 80 del siglo pasado no conocen otra clase de profesor que el&nbsp;estereotipo de rijoso y violento.&nbsp;Quienes debieron&nbsp;formarlos&nbsp;para mejorar su futuro no se han preocupado m\u00e1s que por&nbsp;ellos&nbsp;mismos&nbsp;que,&nbsp;deben reconocerlo, han mejorado en mucho su nivel salarial y prestaciones, pero no han respondido en la misma&nbsp;medida&nbsp;ante quienes est\u00e1n obligados.<\/p>\n\n\n\n<p>Para descalificar a los profesores de hoy&nbsp;regresamos a los a\u00f1os en que los consideramos ap\u00f3stoles, m\u00e1rtires o misioneros de la educaci\u00f3n. En parte fue realidad, pero ni ahora ni antes los profesores han sido d\u00f3ciles y la historia de la educaci\u00f3n en M\u00e9xico est\u00e1 llena de enfrentamientos por razones que van de lo ideol\u00f3gico a lo religioso, pasando por supuesto por lo econ\u00f3mico y social.<\/p>\n\n\n\n<p>Despu\u00e9s de la Independencia la educaci\u00f3n sigui\u00f3 las mismas directrices que en la Colonia. Fue a partir de Porfirio D\u00edaz, apoyado&nbsp;en&nbsp;Justo Sierra,&nbsp;que se dieron los primeros intentos formales de educar a un pueblo analfabeto&nbsp;y de profesionalizar a los maestros con la creaci\u00f3n de las escuelas Normales.&nbsp;<\/p>\n\n\n\n<p>A partir de ese momento, aparece en escena, y va creciendo, la figura del maestro. Un maestro, por cierto, despreciado y desprestigiado&nbsp;a quien le pagaban sueldos&nbsp;miserables.&nbsp;<\/p>\n\n\n\n<p>La inconformidad con su propia situaci\u00f3n econ\u00f3mica y social los orill\u00f3 a sumarse a la revoluci\u00f3n de 1910, como fue el caso del oaxaque\u00f1o Abraham Castellanos. No fue la panacea que esperaban, el desencanto con el r\u00e9gimen revolucionario&nbsp;llegar\u00eda&nbsp;en pocos a\u00f1os.<\/p>\n\n\n\n<p>La imagen&nbsp;idealizada&nbsp;del maestro misionero nos viene del r\u00e9gimen de la Revoluci\u00f3n. En los a\u00f1os de guerra entre 1910 y 1920 hubo algunas huelgas de profesores por falta de pago&nbsp;y problemas porque la federaci\u00f3n los enviaba a los municipios, y \u00e9stos los regresaban de vuelta porque carec\u00edan del dinero para cubrir sus salarios.<\/p>\n\n\n\n<p>Fue Jos\u00e9 Vasconcelos, a trav\u00e9s de la reci\u00e9n creada Secretar\u00eda de Educaci\u00f3n P\u00fablica en 1921&nbsp;el primero que desarroll\u00f3 una pol\u00edtica educativa de Estado. Las caracter\u00edsticas del M\u00e9xico de los a\u00f1os 20 hicieron que el \u00e9nfasis fuera puesto en las escuelas rurales puesto que&nbsp;el pa\u00eds era rural.&nbsp;<\/p>\n\n\n\n<p>A Vasconcelos no solo le interesaban los&nbsp;saberes formales sino los oficios que los llevaran a mejorar sus vidas, salud y m\u00e9todos de trabajo.<\/p>\n\n\n\n<p>Fue la creaci\u00f3n por parte de Vasconcelos de las \u201cMisiones culturales\u201d que dio inicio la creaci\u00f3n, en el imaginario colectivo, de un maestro sufrido, estoico y celoso de su deber que, a pesar de las dificultades por falta de carreteras,&nbsp;por las distancias,&nbsp;del poco salario que recib\u00edan y de las largas semanas que deb\u00edan estar lejos de su familia que se aliment\u00f3 esa imagen&nbsp;santificada, misma que el r\u00e9gimen retroaliment\u00f3 a trav\u00e9s del cine como un excelente medio de propaganda.&nbsp;<\/p>\n\n\n\n<p>Grandes actores del cine de oro mexicano participaron, como Domingo Soler o Cantinflas&nbsp;personificando&nbsp;sufridos&nbsp;papeles como profesores que, en la pantalla al menos,&nbsp;se preocupaban&nbsp;mucho m\u00e1s all\u00e1&nbsp;de la simple educaci\u00f3n y se convert\u00edan en redentores sociales.<\/p>\n\n\n\n<p>Vasconcelos dijo: \u201cA falta de un maestro completo como el fraile que sab\u00eda cultivar un campo, aserrar y ensamblar una mesa, nosotros empezamos a mandar grupos de maestros: uno de artesan\u00edas, otro que ense\u00f1ara a labrar la tierra y a forjar el hierro, otro que fuera un artista y pudiera inspirar en la poblaci\u00f3n el gusto de la belleza, otro m\u00e1s para que incitara a la acci\u00f3n social y a la colaboraci\u00f3n patri\u00f3tica y otro, finalmente, para las primeras letras y las matem\u00e1ticas. Y naci\u00f3 as\u00ed el misionero de tipo moderno\u201d.<\/p>\n\n\n\n<p>El \u00e1nimo revolucionario dur\u00f3 algunas d\u00e9cadas y sirvi\u00f3 como acicate para maestros del siglo pasado. Los profesores oaxaque\u00f1os viven&nbsp;hoy circunstancia muy diferentes. Su amor por la pedagog\u00eda, su sentido de responsabilidad y del deber ha&nbsp;sido sustituido&nbsp;por la obtenci\u00f3n&nbsp;de&nbsp;una plaza vitalicia,&nbsp;heredable&nbsp;adem\u00e1s, que signifique la eterna manutenci\u00f3n para \u00e9l y su familia.<\/p>\n\n\n\n<p>Los ni\u00f1os oaxaque\u00f1os no piden ap\u00f3stoles de la educaci\u00f3n, piden profesores&nbsp;profesionales y responsables. Viene el desarrollo del Corredor Interoce\u00e1nico y llegar\u00e1n empresas tecnol\u00f3gicas.&nbsp;Necesitar\u00e1n&nbsp;habilidades y competencias para el mundo real&nbsp;y&nbsp;el reto de&nbsp;la inteligencia artificial&nbsp;m\u00e1s que ideolog\u00edas caducadas.<\/p>\n\n\n\n<p><a href=\"mailto:nestoryuri@yahoo.com\">nestoryuri@yahoo.com<\/a><\/p>\n","protected":false},"excerpt":{"rendered":"<p>N\u00e9stor Y. S\u00e1nchez Islas La amenaza anual de apoderarse del z\u00f3calo en la modalidad de&hellip;<\/p>\n","protected":false},"author":2,"featured_media":41861,"comment_status":"closed","ping_status":"open","sticky":false,"template":"","format":"standard","meta":{"_lmt_disableupdate":"","_lmt_disable":"","_jetpack_memberships_contains_paid_content":false,"footnotes":""},"categories":[456,109],"tags":[3050],"class_list":["post-55336","post","type-post","status-publish","format-standard","has-post-thumbnail","hentry","category-columna","category-minuto-a-minuto","tag-nestor-yuri-sanchez"],"jetpack_featured_media_url":"https:\/\/zonaroja.com.mx\/wp-content\/uploads\/2022\/05\/Opinion-Nestor-Yuri-Sanchez-Islas.jpg","jetpack_sharing_enabled":true,"_links":{"self":[{"href":"https:\/\/zonaroja.com.mx\/index.php?rest_route=\/wp\/v2\/posts\/55336","targetHints":{"allow":["GET"]}}],"collection":[{"href":"https:\/\/zonaroja.com.mx\/index.php?rest_route=\/wp\/v2\/posts"}],"about":[{"href":"https:\/\/zonaroja.com.mx\/index.php?rest_route=\/wp\/v2\/types\/post"}],"author":[{"embeddable":true,"href":"https:\/\/zonaroja.com.mx\/index.php?rest_route=\/wp\/v2\/users\/2"}],"replies":[{"embeddable":true,"href":"https:\/\/zonaroja.com.mx\/index.php?rest_route=%2Fwp%2Fv2%2Fcomments&post=55336"}],"version-history":[{"count":1,"href":"https:\/\/zonaroja.com.mx\/index.php?rest_route=\/wp\/v2\/posts\/55336\/revisions"}],"predecessor-version":[{"id":55337,"href":"https:\/\/zonaroja.com.mx\/index.php?rest_route=\/wp\/v2\/posts\/55336\/revisions\/55337"}],"wp:featuredmedia":[{"embeddable":true,"href":"https:\/\/zonaroja.com.mx\/index.php?rest_route=\/wp\/v2\/media\/41861"}],"wp:attachment":[{"href":"https:\/\/zonaroja.com.mx\/index.php?rest_route=%2Fwp%2Fv2%2Fmedia&parent=55336"}],"wp:term":[{"taxonomy":"category","embeddable":true,"href":"https:\/\/zonaroja.com.mx\/index.php?rest_route=%2Fwp%2Fv2%2Fcategories&post=55336"},{"taxonomy":"post_tag","embeddable":true,"href":"https:\/\/zonaroja.com.mx\/index.php?rest_route=%2Fwp%2Fv2%2Ftags&post=55336"}],"curies":[{"name":"wp","href":"https:\/\/api.w.org\/{rel}","templated":true}]}}