{"id":55338,"date":"2023-05-16T20:38:45","date_gmt":"2023-05-17T01:38:45","guid":{"rendered":"http:\/\/www.zonaroja.com.mx\/?p=55338"},"modified":"2023-05-16T20:38:46","modified_gmt":"2023-05-17T01:38:46","slug":"atrae-santa-cruz-xoxocotlan-a-turistas-con-fiestas-tradicionales","status":"publish","type":"post","link":"https:\/\/zonaroja.com.mx\/?p=55338","title":{"rendered":"Atrae Santa Cruz Xoxocotl\u00e1n a turistas con fiestas tradicionales"},"content":{"rendered":"\n<p>Redacci\u00f3n\/Zona Roja.<\/p>\n\n\n\n<p>Oaxaca de Ju\u00e1rez, Oax., a 16 de Mayo de 2023.- Con el repique de campanas, la poblaci\u00f3n de este lugar sabe que ya dio inicio la fiesta en honor al Se\u00f1or de la Ascensi\u00f3n, celebraci\u00f3n que, de acuerdo con la tradici\u00f3n, se realiza bajo la responsabilidad del presidente en turno.<\/p>\n\n\n\n<p>Justo al medio d\u00eda, el edil, Inocente Castellanos Alejos, acompa\u00f1ado de los alcaldes primero y segundo, regidores, don Jos\u00e9 Julio Reyes Mat\u00edas, huehuete de la comunidad, y el presidente Honorario del DIF, Eric Emmanuel Ortiz Hern\u00e1ndez, arribaron a la parroquia de Santa Elena de la Cruz, donde el Comit\u00e9 de Festejos Religiosos, encabezado por Pablo Villanueva Hern\u00e1ndez, recibi\u00f3 \u00abEl cari\u00f1o\u201d, ofrenda ofrecida por la autoridad y con la que se oficializa el inicio de la fiesta.<\/p>\n\n\n\n<p>En ese acto, \u201cChente\u201d Castellanos se comprometi\u00f3 a cumplir con la encomienda que le fue otorgada por esa representaci\u00f3n, de procurar que la semana de actividades se desarrolle en apego a la costumbre y, sobre todo, con respeto y responsabilidad, para dar garant\u00eda a propios y visitantes de vivirla en un ambiente de paz.<\/p>\n\n\n\n<p>COLORIDO CONVITE<\/p>\n\n\n\n<p>En camionetas, mototaxis y a pie, participantes de esta y otras poblaciones llegaron puntuales a la cita y, al grito de \u00a1Viva Xoxocotl\u00e1n, viva el Se\u00f1or de la Ascensi\u00f3n!, el convite inici\u00f3 su recorrido en las diferentes calles de la cabecera municipal.<\/p>\n\n\n\n<figure class=\"wp-block-embed is-type-rich is-provider-twitter wp-block-embed-twitter\"><div class=\"wp-block-embed__wrapper\">\n<div class=\"twitter-tweet\"><blockquote class=\"twitter-tweet\" data-lang=\"es\"><p lang=\"es\" dir=\"ltr\">Santa Cruz Xoxocotl\u00e1n est\u00e1 de fiesta. Inician las actividades religiosas en honor al Se\u00f1or de la Ascensi\u00f3n. <br>\u00a1Visite el municipio! Est\u00e1 conurbado a la capital de Oaxaca y la autoridad que encabeza el edil <a href=\"https:\/\/twitter.com\/DrCCastellanos?ref_src=twsrc%5Etfw\">@DrCCastellanos<\/a> garantiza seguridad y un ambiente de alegria. <a href=\"https:\/\/t.co\/JKYocokMTe\">pic.twitter.com\/JKYocokMTe<\/a><\/p>&mdash; Zona Roja Oaxaca (@ZonaRoja_Oaxaca) <a href=\"https:\/\/twitter.com\/ZonaRoja_Oaxaca\/status\/1658579715119017985?ref_src=twsrc%5Etfw\">16 de mayo de 2023<\/a><\/blockquote><\/div>\n<\/div><\/figure>\n\n\n\n<p>El entusiasmo, la unidad y la alegr\u00eda, se enmarcaron con la m\u00fasica tradicional de las bandas filarm\u00f3nicas participantes, aqu\u00ed todo es fiesta y as\u00ed lo demostraron las y los xoxe\u00f1os que dieron muestra de una gran hospitalidad a los visitantes.<\/p>\n\n\n\n<p>Al paso de las autoridades que encabezaron el recorrido, se escuchaban los v\u00edtores y aplausos, Xoxo tierra de tradiciones, una vez m\u00e1s dio muestra de que a partir de sus tradiciones y costumbres, es un referente cultural y tur\u00edstico de Oaxaca.<\/p>\n\n\n\n<p>Orgulloso de las costumbres de su tierra, el doctor \u201cChente\u201d Castellanos, en un breve mensaje manifest\u00f3 su satisfacci\u00f3n porque el arranque de festividades se llev\u00f3 a cabo en total orden y para disfrute de las familias que le acompa\u00f1aron durante el convite.<\/p>\n\n\n\n<p>\u201cLas y los xoxe\u00f1os nos sentimos muy contentos de la gran convocatoria que se logr\u00f3 en este primer d\u00eda de celebraci\u00f3n a nuestro Se\u00f1or de la Ascensi\u00f3n y de que nuestro pueblo sea reconocido no solo por el trabajo cotidiano que realizamos habitantes y autoridades para impulsar su desarrollo, sino por su riqueza tradicional y cultural con la que aspiramos a ser un municipio de gran atracci\u00f3n para el turismo. Sean todas y todos bienvenidos, la fiesta apenas comienza dijo\u201d, puntualiz\u00f3.<\/p>\n","protected":false},"excerpt":{"rendered":"<p>Redacci\u00f3n\/Zona Roja. Oaxaca de Ju\u00e1rez, Oax., a 16 de Mayo de 2023.- Con el repique&hellip;<\/p>\n","protected":false},"author":2,"featured_media":55334,"comment_status":"closed","ping_status":"open","sticky":false,"template":"","format":"standard","meta":{"_lmt_disableupdate":"","_lmt_disable":"","_jetpack_memberships_contains_paid_content":false,"footnotes":""},"categories":[109,46],"tags":[133],"class_list":["post-55338","post","type-post","status-publish","format-standard","has-post-thumbnail","hentry","category-minuto-a-minuto","category-zona-blanca","tag-santa-cruz-xoxocotlan"],"jetpack_featured_media_url":"https:\/\/zonaroja.com.mx\/wp-content\/uploads\/2023\/05\/Fiestas-religiosas-Xoxocotlan.jpg","jetpack_sharing_enabled":true,"_links":{"self":[{"href":"https:\/\/zonaroja.com.mx\/index.php?rest_route=\/wp\/v2\/posts\/55338","targetHints":{"allow":["GET"]}}],"collection":[{"href":"https:\/\/zonaroja.com.mx\/index.php?rest_route=\/wp\/v2\/posts"}],"about":[{"href":"https:\/\/zonaroja.com.mx\/index.php?rest_route=\/wp\/v2\/types\/post"}],"author":[{"embeddable":true,"href":"https:\/\/zonaroja.com.mx\/index.php?rest_route=\/wp\/v2\/users\/2"}],"replies":[{"embeddable":true,"href":"https:\/\/zonaroja.com.mx\/index.php?rest_route=%2Fwp%2Fv2%2Fcomments&post=55338"}],"version-history":[{"count":1,"href":"https:\/\/zonaroja.com.mx\/index.php?rest_route=\/wp\/v2\/posts\/55338\/revisions"}],"predecessor-version":[{"id":55339,"href":"https:\/\/zonaroja.com.mx\/index.php?rest_route=\/wp\/v2\/posts\/55338\/revisions\/55339"}],"wp:featuredmedia":[{"embeddable":true,"href":"https:\/\/zonaroja.com.mx\/index.php?rest_route=\/wp\/v2\/media\/55334"}],"wp:attachment":[{"href":"https:\/\/zonaroja.com.mx\/index.php?rest_route=%2Fwp%2Fv2%2Fmedia&parent=55338"}],"wp:term":[{"taxonomy":"category","embeddable":true,"href":"https:\/\/zonaroja.com.mx\/index.php?rest_route=%2Fwp%2Fv2%2Fcategories&post=55338"},{"taxonomy":"post_tag","embeddable":true,"href":"https:\/\/zonaroja.com.mx\/index.php?rest_route=%2Fwp%2Fv2%2Ftags&post=55338"}],"curies":[{"name":"wp","href":"https:\/\/api.w.org\/{rel}","templated":true}]}}